{"id":26210,"date":"2023-06-01T17:10:00","date_gmt":"2023-06-01T22:10:00","guid":{"rendered":"https:\/\/notidirectoplayadelcarmen.com\/?p=26210"},"modified":"2023-06-01T17:10:00","modified_gmt":"2023-06-01T22:10:00","slug":"terminal-maritima-de-playa-del-carmen-espera-recuperarse-en-la-proxima-temporada-vacacional","status":"publish","type":"post","link":"https:\/\/radiogecko.com\/?p=26210","title":{"rendered":"Terminal mar\u00edtima de Playa del Carmen espera recuperarse en la pr\u00f3xima temporada vacacional"},"content":{"rendered":"<p class=\"ql-align-justify\">El gerente general de la Terminal Mar\u00edtima de Playa del Carmen, Jos\u00e9 Luis Pelayo, dijo que, aunque se han recuperado, todav\u00eda no alcanzan las estad\u00edsticas de antes de la pandemia, sin embargo, esperan una acelerada recuperaci\u00f3n para la pr\u00f3xima temporada alta de julio y agosto.<\/p>\n<p class=\"ql-align-justify\">Dijo que para la temporada alta esperan sobrepasar los 12 mil a 13 mil pasajeros diarios redondos, con lo cual estar\u00e1n rebasando las estad\u00edsticas durante los a\u00f1os pasados.<\/p>\n","protected":false},"excerpt":{"rendered":"<p>El gerente general de la Terminal Mar\u00edtima de Playa del Carmen, Jos\u00e9 Luis Pelayo, dijo que, aunque se han recuperado, todav\u00eda no alcanzan las estad\u00edsticas de antes de la pandemia,&hellip;<\/p>\n","protected":false},"author":1,"featured_media":26212,"comment_status":"open","ping_status":"closed","sticky":false,"template":"","format":"standard","meta":{"footnotes":""},"categories":[4],"tags":[],"class_list":["post-26210","post","type-post","status-publish","format-standard","has-post-thumbnail","hentry","category-local"],"_links":{"self":[{"href":"https:\/\/radiogecko.com\/index.php?rest_route=\/wp\/v2\/posts\/26210","targetHints":{"allow":["GET"]}}],"collection":[{"href":"https:\/\/radiogecko.com\/index.php?rest_route=\/wp\/v2\/posts"}],"about":[{"href":"https:\/\/radiogecko.com\/index.php?rest_route=\/wp\/v2\/types\/post"}],"author":[{"embeddable":true,"href":"https:\/\/radiogecko.com\/index.php?rest_route=\/wp\/v2\/users\/1"}],"replies":[{"embeddable":true,"href":"https:\/\/radiogecko.com\/index.php?rest_route=%2Fwp%2Fv2%2Fcomments&post=26210"}],"version-history":[{"count":0,"href":"https:\/\/radiogecko.com\/index.php?rest_route=\/wp\/v2\/posts\/26210\/revisions"}],"wp:featuredmedia":[{"embeddable":true,"href":"https:\/\/radiogecko.com\/index.php?rest_route=\/wp\/v2\/media\/26212"}],"wp:attachment":[{"href":"https:\/\/radiogecko.com\/index.php?rest_route=%2Fwp%2Fv2%2Fmedia&parent=26210"}],"wp:term":[{"taxonomy":"category","embeddable":true,"href":"https:\/\/radiogecko.com\/index.php?rest_route=%2Fwp%2Fv2%2Fcategories&post=26210"},{"taxonomy":"post_tag","embeddable":true,"href":"https:\/\/radiogecko.com\/index.php?rest_route=%2Fwp%2Fv2%2Ftags&post=26210"}],"curies":[{"name":"wp","href":"https:\/\/api.w.org\/{rel}","templated":true}]}}