{"id":26233,"date":"2023-06-02T15:49:08","date_gmt":"2023-06-02T20:49:08","guid":{"rendered":"https:\/\/notidirectoplayadelcarmen.com\/?p=26233"},"modified":"2023-06-02T15:49:08","modified_gmt":"2023-06-02T20:49:08","slug":"abundan-detenidos-por-portar-sustancias-prohibidas-en-playa-del-carmen","status":"publish","type":"post","link":"https:\/\/radiogecko.com\/?p=26233","title":{"rendered":"Abundan detenidos por portar sustancias prohibidas en Playa del Carmen"},"content":{"rendered":"<div>\n<div class=\"row m-b-15\">\n<div class=\"col-xs-12 col-sm-12 col-md-12 col-lg-12\">\n<h4 class=\"introduction\" style=\"text-align: center;\">En lo que va del a\u00f1o han sido detenidas aproximadamente 230 personas, 100 portadoras de alg\u00fan tipo de droga.<\/h4>\n<\/div>\n<\/div>\n<\/div>\n<div class=\"row m-b-25\">\n<div class=\"col-xs-12 col-sm-12 col-md-12 col-lg-12 info-extra-new\">\n<p>Alrededor del\u00a0<strong>50%<\/strong>\u00a0de las personas detenidas en los primeros meses del a\u00f1o por operativos en\u00a0<strong>bares y restaurantes<\/strong>, se encuentran relacionadas con portaci\u00f3n de alg\u00fan tipo de droga en Playa del Carmen.<\/p>\n<p>De acuerdo con Ra\u00fal Tassinari Gonz\u00e1lez,\u00a0<strong>secretario de Seguridad P\u00fablica y Tr\u00e1nsito de Solidaridad,<\/strong>\u00a0inform\u00f3 que se trata de los operativos que han estado implementando en la zona tur\u00edstica, donde han sido detenidas aproximadamente\u00a0<strong>230 personas,<\/strong>\u00a0de este n\u00famero cerca de 100 son por portaci\u00f3n de alg\u00fan tipo de droga.<\/p>\n<blockquote><p>\u201cSe han detenido aproximadamente 230 personas (&#8230;) unos 98 (con droga)\u201d, respondi\u00f3 Tassinari Gonz\u00e1lez sobre las personas que han sido detenidas y en espec\u00edfico las que han sido por portaci\u00f3n de alg\u00fan tipo de sustancia prohibida.<\/p><\/blockquote>\n<div id=\"div-gpt-ad-inread-64795f579f852500130f02a9\" data-name=\"inread\" data-size=\"[[336,250], [300,250]]\" data-google-query-id=\"CIS38Me5pf8CFQjKhwodMScBWA\">\n<p>Estos operativos corresponden en el periodo de los\u00a0<strong>meses de enero a mayo<\/strong>, principalmente en la zona tur\u00edstica de Playa del Carmen, donde se encuentran la mayor\u00eda de\u00a0<strong>bares y restaurantes.<\/strong><\/p>\n<div class=\"media-caption\">\n<p>Cabe recordar que en el \u00faltimo a\u00f1o en dicha zona de la ciudad han ocurrido diversos hechos delictivos en los cuales, incluso, ha habido personas lesionadas de manera\u00a0<strong>violenta<\/strong> por el uso de armas de fuego.<\/p>\n<p>\u201cPor instrucci\u00f3n de la presidenta se ha ordenado que sean\u00a0 permanentes estos operativos en coordinaci\u00f3n con las fuerzas armadas (&#8230;) nos acompa\u00f1a la Guardia Nacional, la Sedena y la Marina\u201d, mencion\u00f3 el comandante de la polic\u00eda.<\/p>\n<p>Tambi\u00e9n destacan un importante n\u00famero de personas que han sido detenidas por andar de rijosas, quienes han sido remitidas al<strong>\u00a0juez c\u00edvico por faltas administrativas;<\/strong>\u00a0mientras que el resto han sido consignadas al Ministerio P\u00fablico, por su probable participaci\u00f3n en delitos.<\/p>\n<div id=\"div-gpt-ad-inread-2-64795f579f852500130f02a9\" data-name=\"inread\" data-size=\"[[336,250], [300,250]]\" data-google-query-id=\"CPy5ksi5pf8CFTWKgwgd1HMHmw\">\n<p>Otro de los puntos donde se ha vuelto muy frecuente la presencia policiaca, ha sido en la\u00a0<strong>avenida 115<\/strong>\u00a0con\u00a0<strong>avenida Solidaridad,<\/strong>\u00a0en la zona popular de la ciudad. Ah\u00ed se ha vuelto un punto clave de consumo, con bares y restaurantes que se han establecido.<\/p>\n<div class=\"google-auto-placed ap_container\">\n<section id=\"limit-stiky-64795f579f852500130f02a9\" class=\"row\">\n<div class=\"col-xs-112 col-sm-10 col-md-10 col-lg-10\">\n<div class=\"row content-news-data-64795f579f852500130f02a9\">\n<div class=\"col-xs-12 col-sm-12 col-md-12 col-lg-12 cuerpo-nota\">\n<p>Tassinari Gonz\u00e1lez especific\u00f3 que existe una patrulla que diariamente presta el servicio de vigilancia para garantizar la seguridad porque en los \u00faltimos meses en esa zona tambi\u00e9n han ocurrido por lo menos tres ataques a establecimientos comerciales.<\/p>\n<\/div>\n<\/div>\n<\/div>\n<\/section>\n<section class=\"row\">\n<div class=\"col-xs-4 col-sm-14 col-md-4 col-lg-4\">\n<div class=\"btn-seguinos-gnews\"><\/div>\n<\/div>\n<\/section>\n<\/div>\n<\/div>\n<\/div>\n<\/div>\n<\/div>\n<\/div>\n","protected":false},"excerpt":{"rendered":"<p>En lo que va del a\u00f1o han sido detenidas aproximadamente 230 personas, 100 portadoras de alg\u00fan tipo de droga. Alrededor del\u00a050%\u00a0de las personas detenidas en los primeros meses del a\u00f1o&hellip;<\/p>\n","protected":false},"author":1,"featured_media":26235,"comment_status":"open","ping_status":"closed","sticky":false,"template":"","format":"standard","meta":{"footnotes":""},"categories":[4],"tags":[],"class_list":["post-26233","post","type-post","status-publish","format-standard","has-post-thumbnail","hentry","category-local"],"_links":{"self":[{"href":"https:\/\/radiogecko.com\/index.php?rest_route=\/wp\/v2\/posts\/26233","targetHints":{"allow":["GET"]}}],"collection":[{"href":"https:\/\/radiogecko.com\/index.php?rest_route=\/wp\/v2\/posts"}],"about":[{"href":"https:\/\/radiogecko.com\/index.php?rest_route=\/wp\/v2\/types\/post"}],"author":[{"embeddable":true,"href":"https:\/\/radiogecko.com\/index.php?rest_route=\/wp\/v2\/users\/1"}],"replies":[{"embeddable":true,"href":"https:\/\/radiogecko.com\/index.php?rest_route=%2Fwp%2Fv2%2Fcomments&post=26233"}],"version-history":[{"count":0,"href":"https:\/\/radiogecko.com\/index.php?rest_route=\/wp\/v2\/posts\/26233\/revisions"}],"wp:featuredmedia":[{"embeddable":true,"href":"https:\/\/radiogecko.com\/index.php?rest_route=\/wp\/v2\/media\/26235"}],"wp:attachment":[{"href":"https:\/\/radiogecko.com\/index.php?rest_route=%2Fwp%2Fv2%2Fmedia&parent=26233"}],"wp:term":[{"taxonomy":"category","embeddable":true,"href":"https:\/\/radiogecko.com\/index.php?rest_route=%2Fwp%2Fv2%2Fcategories&post=26233"},{"taxonomy":"post_tag","embeddable":true,"href":"https:\/\/radiogecko.com\/index.php?rest_route=%2Fwp%2Fv2%2Ftags&post=26233"}],"curies":[{"name":"wp","href":"https:\/\/api.w.org\/{rel}","templated":true}]}}