{"id":26236,"date":"2023-06-02T15:51:15","date_gmt":"2023-06-02T20:51:15","guid":{"rendered":"https:\/\/notidirectoplayadelcarmen.com\/?p=26236"},"modified":"2023-06-02T15:51:15","modified_gmt":"2023-06-02T20:51:15","slug":"grupo-mexico-tambien-se-baja-del-tren-maya-acuerda-cerrar-su-participacion-del-tramo-5","status":"publish","type":"post","link":"https:\/\/radiogecko.com\/?p=26236","title":{"rendered":"Grupo M\u00e9xico tambi\u00e9n \u2018se baja\u2019 del Tren Maya: Acuerda cerrar su participaci\u00f3n del tramo 5"},"content":{"rendered":"<div class=\"row\">\n<div class=\"col-sm-xl-12 layout-section wrap-bottom\">\n<h4 class=\"primary-font__PrimaryFontStyles-o56yd5-0 heuGTu h4-primary sub-headline\" style=\"text-align: center;\">La empresa de Germ\u00e1n Larrea acord\u00f3 con el Gobierno de AMLO cerrar su participaci\u00f3n del tramo 5 del Tren Maya porque \u2018considera insuficiente el tiempo para concluirlo\u2019.<\/h4>\n<div class=\"default__StyledDiv-cj38t1-0 gCPfDm share-bar\"><\/div>\n<\/div>\n<\/div>\n<div class=\"row\">\n<div class=\"col-sm-md-12 col-lg-xl-8 left-article-section ie-flex-100-percent-sm layout-section\">\n<p class=\"default__StyledText-kkhi2r-0 cGAawy body-paragraph\">Grupo M\u00e9xico lleg\u00f3 a un<b>\u00a0acuerdo con el Gobierno de M\u00e9xico<\/b>, por lo cual cerr\u00f3 su participaci\u00f3n en el\u00a0tramo 5 sur del Tren Maya, uno de los m\u00e1s importantes y el cual no construir\u00e1, ya que considera insuficiente el tiempo dado para concluirlo por la administraci\u00f3n del\u00a0<b>presidente Andr\u00e9s Manuel L\u00f3pez Obrador.<\/b><\/p>\n<p class=\"default__StyledText-kkhi2r-0 cGAawy body-paragraph\">En un breve comunicado enviado a la Bolsa,<b>\u00a0la empresa de Germ\u00e1n Larrea\u00a0<\/b>refiri\u00f3 que la terminaci\u00f3n anticipada del contrato para la construcci\u00f3n del tramo 5 sur tuvo como raz\u00f3n la imposibilidad t\u00e9cnica para realizar la obra en 11 meses y entregarlo en julio de este a\u00f1o.<\/p>\n<div id=\"arcad-feature-7099\" class=\"default__StyledAdUnit-ijbiyl-0 bWigPu arcad-feature margin-md-bottom \">\n<div id=\"\" class=\"arcad-container\">\n<div id=\"lazy_3\">\n<div id=\"inread_oop\" class=\"arcad ad-1x1\" data-google-query-id=\"CLe79Yi7pf8CFQrGhgodN-gIbg\">\n<div id=\"google_ads_iframe_\/77835600\/ElFinanciero__internas\/inread_oop_0__container__\"><\/div>\n<\/div>\n<\/div>\n<\/div>\n<\/div>\n<p class=\"default__StyledText-kkhi2r-0 cGAawy body-paragraph\">\u201cEl\u00a0Gobierno Federal\u00a0declar\u00f3 la obra como de<b>\u00a0seguridad nacional\u00a0<\/b>y dio por terminado anticipadamente el contrato. Desde ese momento el consorcio llev\u00f3 a cabo todas las acciones requeridas por Fonatur para formalizar el cierre de ese contrato y proceder a la conciliaci\u00f3n y pago de los trabajos realizados\u201d, refiri\u00f3 la empresa este viernes.<\/p>\n<p class=\"default__StyledText-kkhi2r-0 cGAawy body-paragraph\">Como consecuencia,\u00a0Grupo M\u00e9xico\u00a0acept\u00f3 un acuerdo que fue firmado el mi\u00e9rcoles, por lo que dio por concluida su participaci\u00f3n en el proyecto.<\/p>\n<article class=\"container-fluid inline-promo border border_solid border_top color_black_1\">\n<div class=\"inline-promo-wrapper inline-promo-image\">\n<p class=\"default__StyledText-kkhi2r-0 cGAawy body-paragraph\">El fallo de la licitaci\u00f3n del tramo 5 sur fue dado a conocer el 29 de enero del 2021. En la decisi\u00f3n, result\u00f3 ganador el consorcio liderado por M\u00e9xico Compa\u00f1\u00eda Constructora, subsidiaria de Grupo M\u00e9xico.<\/p>\n<p class=\"default__StyledText-kkhi2r-0 cGAawy body-paragraph\">Dicho tramo, que unir\u00e1 a<b>\u00a0Playa del Carmen con Tulum<\/b>, es uno de los m\u00e1s importantes por la conexi\u00f3n entre polos tur\u00edsticos, que son referentes en el sureste del pa\u00eds.<\/p>\n<p class=\"default__StyledText-kkhi2r-0 cGAawy body-paragraph\">El contrato, que debi\u00f3 ser terminado anticipadamente, contemplaba un presupuesto de 17 mil 815 millones 613 mil 759 pesos con 93 centavos<b>, IVA incluido.<\/b><\/p>\n<h2 class=\"heading__StyledHeading-sc-1yxtfv0-0 dQdSuo\">AMLO celebra cancelaci\u00f3n de demanda de Grupo M\u00e9xico vs. Tren Maya<\/h2>\n<p class=\"default__StyledText-kkhi2r-0 cGAawy body-paragraph\">Grupo M\u00e9xico tambi\u00e9n acord\u00f3 retirar la\u00a0demanda que hab\u00eda interpuesto contra el gobierno por haber concluido de manera anticipada los contratos de construcci\u00f3n del tramo 5 del Tren Maya\u00a0y entregarlos a la Secretar\u00eda de la Defensa (Sedena).<\/p>\n<p class=\"default__StyledText-kkhi2r-0 cGAawy body-paragraph\">\u201cYa que se cre\u00f3 la mesa para ver estos asuntos pendientes se logr\u00f3 que la empresa, en otra subsidiaria levantara una demanda que hab\u00edan interpuesto<b>\u00a0contra el Tren Maya<\/b>, fue un arreglo muy favorable\u201d, celebr\u00f3 L\u00f3pez Obrador esta semana.<\/p>\n<\/div>\n<\/article>\n<\/div>\n<\/div>\n","protected":false},"excerpt":{"rendered":"<p>La empresa de Germ\u00e1n Larrea acord\u00f3 con el Gobierno de AMLO cerrar su participaci\u00f3n del tramo 5 del Tren Maya porque \u2018considera insuficiente el tiempo para concluirlo\u2019. Grupo M\u00e9xico lleg\u00f3&hellip;<\/p>\n","protected":false},"author":1,"featured_media":26238,"comment_status":"open","ping_status":"closed","sticky":false,"template":"","format":"standard","meta":{"footnotes":""},"categories":[4],"tags":[],"class_list":["post-26236","post","type-post","status-publish","format-standard","has-post-thumbnail","hentry","category-local"],"_links":{"self":[{"href":"https:\/\/radiogecko.com\/index.php?rest_route=\/wp\/v2\/posts\/26236","targetHints":{"allow":["GET"]}}],"collection":[{"href":"https:\/\/radiogecko.com\/index.php?rest_route=\/wp\/v2\/posts"}],"about":[{"href":"https:\/\/radiogecko.com\/index.php?rest_route=\/wp\/v2\/types\/post"}],"author":[{"embeddable":true,"href":"https:\/\/radiogecko.com\/index.php?rest_route=\/wp\/v2\/users\/1"}],"replies":[{"embeddable":true,"href":"https:\/\/radiogecko.com\/index.php?rest_route=%2Fwp%2Fv2%2Fcomments&post=26236"}],"version-history":[{"count":0,"href":"https:\/\/radiogecko.com\/index.php?rest_route=\/wp\/v2\/posts\/26236\/revisions"}],"wp:featuredmedia":[{"embeddable":true,"href":"https:\/\/radiogecko.com\/index.php?rest_route=\/wp\/v2\/media\/26238"}],"wp:attachment":[{"href":"https:\/\/radiogecko.com\/index.php?rest_route=%2Fwp%2Fv2%2Fmedia&parent=26236"}],"wp:term":[{"taxonomy":"category","embeddable":true,"href":"https:\/\/radiogecko.com\/index.php?rest_route=%2Fwp%2Fv2%2Fcategories&post=26236"},{"taxonomy":"post_tag","embeddable":true,"href":"https:\/\/radiogecko.com\/index.php?rest_route=%2Fwp%2Fv2%2Ftags&post=26236"}],"curies":[{"name":"wp","href":"https:\/\/api.w.org\/{rel}","templated":true}]}}