{"id":26318,"date":"2023-06-05T17:41:51","date_gmt":"2023-06-05T22:41:51","guid":{"rendered":"https:\/\/notidirectoplayadelcarmen.com\/?p=26318"},"modified":"2023-06-05T17:41:51","modified_gmt":"2023-06-05T22:41:51","slug":"atlas-viaja-a-playa-del-carmen-para-realizar-su-pretemporada","status":"publish","type":"post","link":"https:\/\/radiogecko.com\/?p=26318","title":{"rendered":"Atlas viaja a Playa del Carmen para realizar su pretemporada"},"content":{"rendered":"<div class=\"news-excerpt\">\n<h4 style=\"text-align: center;\">Ser\u00e1 hasta el pr\u00f3ximo domingo 11 de junio cuando termine esta etapa de playa dentro de su preparaci\u00f3n f\u00edsica<\/h4>\n<\/div>\n<div class=\"clearfix\">\n<div class=\"news-line\">\n<p>Aunque siguen inmersos en un mar de rumores de bajas y altas, los rojinegros partieron este domingo a la ciudad de\u00a0<strong>Canc\u00fan, Quintana Roo,<\/strong>\u00a0para luego dirigirse a Playa del Carmen, en donde llevar\u00e1n a cabo la etapa fuerte de su pretemporada de cara al Apertura 2023 y la Leagues Cup.<\/p>\n<p><strong>Ser\u00e1 hasta el pr\u00f3ximo domingo 11 de junio cuando termine esta etapa de playa<\/strong> dentro de su preparaci\u00f3n f\u00edsica y futbol\u00edstica de la mano de Benjam\u00edn Mora y su cuerpo t\u00e9cnico, para luego volver a Guadalajara a continuar con su pretemporada para un torneo que arranca el pr\u00f3ximo 30 de junio.<\/p>\n<p>Las bajas hasta el momento para los rojinegros del Atlas son las de Jes\u00fas Ocejo que regresa a Santos y Diego Barbosa que va a Tijuana, mientras que la llegada de Rivaldo Lozano es la \u00fanica hasta este instante, aunque la directiva todav\u00eda trabaja en concretar ventas, compras y pr\u00e9stamos de cara al siguiente semestre.<\/p>\n<\/div>\n<\/div>\n","protected":false},"excerpt":{"rendered":"<p>Ser\u00e1 hasta el pr\u00f3ximo domingo 11 de junio cuando termine esta etapa de playa dentro de su preparaci\u00f3n f\u00edsica Aunque siguen inmersos en un mar de rumores de bajas y&hellip;<\/p>\n","protected":false},"author":1,"featured_media":26320,"comment_status":"open","ping_status":"closed","sticky":false,"template":"","format":"standard","meta":{"footnotes":""},"categories":[4],"tags":[],"class_list":["post-26318","post","type-post","status-publish","format-standard","has-post-thumbnail","hentry","category-local"],"_links":{"self":[{"href":"https:\/\/radiogecko.com\/index.php?rest_route=\/wp\/v2\/posts\/26318","targetHints":{"allow":["GET"]}}],"collection":[{"href":"https:\/\/radiogecko.com\/index.php?rest_route=\/wp\/v2\/posts"}],"about":[{"href":"https:\/\/radiogecko.com\/index.php?rest_route=\/wp\/v2\/types\/post"}],"author":[{"embeddable":true,"href":"https:\/\/radiogecko.com\/index.php?rest_route=\/wp\/v2\/users\/1"}],"replies":[{"embeddable":true,"href":"https:\/\/radiogecko.com\/index.php?rest_route=%2Fwp%2Fv2%2Fcomments&post=26318"}],"version-history":[{"count":0,"href":"https:\/\/radiogecko.com\/index.php?rest_route=\/wp\/v2\/posts\/26318\/revisions"}],"wp:featuredmedia":[{"embeddable":true,"href":"https:\/\/radiogecko.com\/index.php?rest_route=\/wp\/v2\/media\/26320"}],"wp:attachment":[{"href":"https:\/\/radiogecko.com\/index.php?rest_route=%2Fwp%2Fv2%2Fmedia&parent=26318"}],"wp:term":[{"taxonomy":"category","embeddable":true,"href":"https:\/\/radiogecko.com\/index.php?rest_route=%2Fwp%2Fv2%2Fcategories&post=26318"},{"taxonomy":"post_tag","embeddable":true,"href":"https:\/\/radiogecko.com\/index.php?rest_route=%2Fwp%2Fv2%2Ftags&post=26318"}],"curies":[{"name":"wp","href":"https:\/\/api.w.org\/{rel}","templated":true}]}}