{"id":26321,"date":"2023-06-05T17:44:31","date_gmt":"2023-06-05T22:44:31","guid":{"rendered":"https:\/\/notidirectoplayadelcarmen.com\/?p=26321"},"modified":"2023-06-05T17:44:31","modified_gmt":"2023-06-05T22:44:31","slug":"anuncian-marcha-del-orgullo-en-playa-del-carmen-conoce-los-detalles","status":"publish","type":"post","link":"https:\/\/radiogecko.com\/?p=26321","title":{"rendered":"Anuncian marcha del orgullo en Playa del Carmen: Conoce los detalles"},"content":{"rendered":"<div class=\"single-blog-content mt-30\">\n<h4 style=\"text-align: center;\">Comit\u00e9 organizador espera la presencia de unas 10 mil personas<\/h4>\n<p>El pr\u00f3ximo 24 de junio la comunidad diversa de Playa del Carmen realizar\u00e1 la marcha del orgullo por la diversidad sexual en Solidaridad, donde se espera la presencia de alrededor de 10 mil personas, de acuerdo con Silvio Hern\u00e1ndez, integrante del comit\u00e9 organizador del evento.<\/p>\n<p>En entrevista telef\u00f3nica, explic\u00f3 que el d\u00eda s\u00e1bado 24 de junio, a las 16 horas, en el asta bandera de la avenida Constituyentes iniciar\u00e1 este movimiento y que debido a que la Plaza 28 de Junio est\u00e1 en remodelaci\u00f3n, se cambi\u00f3 el recorrido este a\u00f1o.<\/p>\n<p>Detall\u00f3 que el recorrido va a efectuarse desde el punto antes mencionado pasando por la Quinta Avenida y subiendo toda la Ju\u00e1rez, hasta el Poliforum. En el Poliforum tendr\u00e1n un escenario, \u00e1rea de comidas y ventas. A\u00f1adi\u00f3 que tendr\u00e1n artistas invitados y una sorpresa para todos los asistentes.<\/p>\n<p>\u201cNos retrasamos un poquito porque est\u00e1bamos organizando con la Direcci\u00f3n de Diversidad Sexual todo el nuevo recorrido y sobre todo porque el a\u00f1o pasado recordemos que tuvimos m\u00e1s de 7 mil personas en la marcha y el nivel de organizaci\u00f3n ten\u00eda que ser mucho m\u00e1s fuerte. Este a\u00f1o se esperan alrededor de10 mil personas en la marcha y esperemos que sea un \u00e9xito\u201d, acot\u00f3.<\/p>\n<p>Extendi\u00f3 la invitaci\u00f3n a todas las personas y record\u00f3 que esta es una marcha para todos, para toda la familia, los amigos y no es necesario pertenecer a la diversidad, a la comunidad LGBTTTI para ir y apoyar una causa como esta.<\/p>\n<p>\u201cLes pedimos, al igual que el a\u00f1o pasado, que vayan las familias apoyando en los carros o caminando, que vayan los amigos de las escuelas y que se note la uni\u00f3n familiar, amor es amor y esta es una marcha para todos\u201d, finaliz\u00f3.<\/p>\n<\/div>\n","protected":false},"excerpt":{"rendered":"<p>Comit\u00e9 organizador espera la presencia de unas 10 mil personas El pr\u00f3ximo 24 de junio la comunidad diversa de Playa del Carmen realizar\u00e1 la marcha del orgullo por la diversidad&hellip;<\/p>\n","protected":false},"author":1,"featured_media":26323,"comment_status":"open","ping_status":"closed","sticky":false,"template":"","format":"standard","meta":{"footnotes":""},"categories":[4],"tags":[],"class_list":["post-26321","post","type-post","status-publish","format-standard","has-post-thumbnail","hentry","category-local"],"_links":{"self":[{"href":"https:\/\/radiogecko.com\/index.php?rest_route=\/wp\/v2\/posts\/26321","targetHints":{"allow":["GET"]}}],"collection":[{"href":"https:\/\/radiogecko.com\/index.php?rest_route=\/wp\/v2\/posts"}],"about":[{"href":"https:\/\/radiogecko.com\/index.php?rest_route=\/wp\/v2\/types\/post"}],"author":[{"embeddable":true,"href":"https:\/\/radiogecko.com\/index.php?rest_route=\/wp\/v2\/users\/1"}],"replies":[{"embeddable":true,"href":"https:\/\/radiogecko.com\/index.php?rest_route=%2Fwp%2Fv2%2Fcomments&post=26321"}],"version-history":[{"count":0,"href":"https:\/\/radiogecko.com\/index.php?rest_route=\/wp\/v2\/posts\/26321\/revisions"}],"wp:featuredmedia":[{"embeddable":true,"href":"https:\/\/radiogecko.com\/index.php?rest_route=\/wp\/v2\/media\/26323"}],"wp:attachment":[{"href":"https:\/\/radiogecko.com\/index.php?rest_route=%2Fwp%2Fv2%2Fmedia&parent=26321"}],"wp:term":[{"taxonomy":"category","embeddable":true,"href":"https:\/\/radiogecko.com\/index.php?rest_route=%2Fwp%2Fv2%2Fcategories&post=26321"},{"taxonomy":"post_tag","embeddable":true,"href":"https:\/\/radiogecko.com\/index.php?rest_route=%2Fwp%2Fv2%2Ftags&post=26321"}],"curies":[{"name":"wp","href":"https:\/\/api.w.org\/{rel}","templated":true}]}}