{"id":26354,"date":"2023-06-06T15:53:30","date_gmt":"2023-06-06T20:53:30","guid":{"rendered":"https:\/\/notidirectoplayadelcarmen.com\/?p=26354"},"modified":"2023-06-06T15:53:30","modified_gmt":"2023-06-06T20:53:30","slug":"escandalo-masivo-en-antioquia-chismes-de-whatsapp-desatan-una-guerra-que-destroza-familias","status":"publish","type":"post","link":"https:\/\/radiogecko.com\/?p=26354","title":{"rendered":"&quot;Esc\u00e1ndalo masivo en Antioquia: \u00a1Chismes de WhatsApp desatan una guerra que destroza familias!&quot;"},"content":{"rendered":"<h4 class=\"d23-article-subheadline left \" style=\"text-align: center;\">Los habitantes de Carolina del Pr\u00edncipe se han visto afectados en los \u00faltimos meses por noticias falsas y difamaci\u00f3n difundidas a trav\u00e9s de cadenas de esta red social<\/h4>\n<div class=\"d23-byline\">\n<p class=\"paragraph\" data-mrf-recirculation=\"Links inline\">Carolina del Pr\u00edncipe es una poblaci\u00f3n antioque\u00f1a<b>\u00a0popular por ser el pueblo del artista colombiano Juanes;<\/b>\u00a0sin embargo, en los \u00faltimos d\u00edas ha sido noticia por las\u00a0<b>cadenas de difamaci\u00f3n y chismes a trav\u00e9s de WhatsApp<\/b>, que seg\u00fan cuentan sus habitantes,<b>\u00a0han llegado a acabar con hogares.<\/b><\/p>\n<p class=\"paragraph\" data-mrf-recirculation=\"Links inline\">Seg\u00fan indica la Alcald\u00eda municipal, en los \u00faltimos cuatro meses\u00a0<b>cerca de 2 mil personas\u00a0<\/b>se han visto afectadas por cadenas de WhatsApp que difaman y atentan contra su buen nombre.<\/p>\n<p class=\"paragraph\" data-mrf-recirculation=\"Links inline\">\u201cLa alcald\u00eda le ha hecho el reporte a la Fiscal\u00eda para que puedan hacer alguna investigaci\u00f3n, ha sido complejo porque esas cadenas cibern\u00e9ticas que est\u00e1n haciendo\u00a0<b>est\u00e1n afectando la vida en los hogares, est\u00e1n acabando con las familias\u201d<\/b>, declar\u00f3 Carlos Andr\u00e9s P\u00e9rez, alcalde de Carolina del Pr\u00edncipe, en entrevista con\u00a0<i>Noticias Caracol<\/i>.<\/p>\n<p class=\"paragraph\" data-mrf-recirculation=\"Links inline\">Entre los mensajes difundidos hay<b>\u00a0noticias falsas<\/b>\u00a0contra las figuras de la poblaci\u00f3n incluido el mandatario P\u00e9rez, chismes de\u00a0<b>supuestas infidelidades<\/b>\u00a0e incluso \u2018<b>pasquines<\/b>\u2019, listas negras de grupos armados ilegales donde sindican a personas de delitos y los definen como objetivo militar.<\/p>\n<p class=\"paragraph\" data-mrf-recirculation=\"Links inline\">Habitantes de Carolina del Pr\u00edncipe indicaron al medio en menci\u00f3n que esos falsos testimonios han causado indignaci\u00f3n, discordia y la fracci\u00f3n de su poblaci\u00f3n. \u201c<b>Est\u00e1n da\u00f1ando mucho la integridad de las personas<\/b>. Yo no le veo el sentido a eso, c\u00f3mo va uno a da\u00f1ar a una persona de esa manera, porque\u00a0<b>todo eso son calumnias<\/b>\u201d, declar\u00f3 Sebasti\u00e1n C\u00e1rdenas, habitante del municipio.<\/p>\n<p class=\"paragraph\" data-mrf-recirculation=\"Links inline\">Los expertos se\u00f1alan que estas cadenas de WhatsApp incurren en los\u00a0<b>delitos de injuria y calumnia\u00a0<\/b>que pueden dar condenas de entre<b>\u00a016 y 72 meses de c\u00e1rcel.<\/b>\u00a0Otra falta en la que estar\u00edan incurriendo los autores de las falsas acusaciones es el\u00a0<b>ciber acoso<\/b>, un delito cibern\u00e9tico que puede dar\u00a0<b>entre 48 y 96 meses de condena.<\/b><\/p>\n<h2 class=\"header d23-headline-class-h2\">En riesgo de deslizamiento e inundaciones<\/h2>\n<p class=\"paragraph\" data-mrf-recirculation=\"Links inline\">Los habitantes de Carolina del Pr\u00edncipe est\u00e1n alertados no solo por las difamaciones difundidas por WhatsApp, sino tambi\u00e9n<b>\u00a0por el riesgo de inundaciones y avalanchas de tierra en medio de la ola invernal.<\/b><\/p>\n<p class=\"paragraph\" data-mrf-recirculation=\"Links inline\">El pasado 31 de mayo Antioquia entr\u00f3 en alerta por el azote de las fuertes lluvias y seg\u00fan inform\u00f3 hidrometeorol\u00f3gicos del Sistema de Alerta y Monitoreo de ese departamento,<b>\u00a0el mes de junio se proyecta como periodo de transici\u00f3n a la temporada de menos lluvias<\/b>, con una disminuci\u00f3n cercana al 33 %.<\/p>\n<p class=\"paragraph\" data-mrf-recirculation=\"Links inline\">Sin embargo, el ente se\u00f1al\u00f3 que para esta semana\u00a0<b>se esperan grandes descargas de lluvia sobre el territorio antioque\u00f1o,<\/b>\u00a0por lo que los municipios ubicados en zonas monta\u00f1osas y cerca a cuerpos de agua entraron en alerta ante posibles\u00a0<b>inundaciones y avalanchas de tierra.<\/b><\/p>\n<p class=\"paragraph\" data-mrf-recirculation=\"Links inline\">Seg\u00fan el informe de el Sistema de Alerta, algunos<b>\u00a0municipios del oriente, occidente, norte y noreste antioque\u00f1o, est\u00e1n en alto riesgo<\/b>, pues son las zonas donde m\u00e1s ha llovido en los \u00faltimos d\u00edas.<\/p>\n<p class=\"paragraph\" data-mrf-recirculation=\"Links inline\">De acuerdo con los an\u00e1lisis, corren riesgo las poblaciones de\u00a0<b>Carolina del Pr\u00edncipe<\/b>, Abejorral, Argelia, Nari\u00f1o, Sons\u00f3n, Alejandr\u00eda, Concepci\u00f3n,\u00a0<b>El Pe\u00f1ol, Guatap\u00e9,<\/b>\u00a0Granada, San Carlos, San Rafael, Cocorn\u00e1, San Luis, San Francisco, El Carmen de Viboral, El Retiro, El Santuario,\u00a0<b>Guarne, La Ceja<\/b>, La Uni\u00f3n, Marinilla,\u00a0<b>Rionegro\u00a0<\/b>y San Vicente.<\/p>\n<p class=\"paragraph\" data-mrf-recirculation=\"Links inline\">As\u00ed como las de Abriaqu\u00ed, Ca\u00f1asgordas,\u00a0<b>Dabeiba<\/b>, Frontino, Peque, Uramita, Anz\u00e1, Armenia,\u00a0<b>Buritic\u00e1<\/b>, Caicedo, Eb\u00e9jico, Giraldo, Heliconia, Liborina, Olaya y Sopetr\u00e1n. G\u00f3mez Plata, Guadalupe, Angostura,\u00a0<b>Brice\u00f1o<\/b>, Campamento,\u00a0<b>Valdivia<\/b>,\u00a0<b>Yarumal<\/b>, Belmira, Don Mat\u00edas, Entrerr\u00edos, San Jos\u00e9 de la Monta\u00f1a, entre otras.<\/p>\n<p class=\"paragraph\" data-mrf-recirculation=\"Links inline\">En las afectaciones por lluvias reportadas por el Departamento Administrativo de Gesti\u00f3n del Riesgo de Desastres de Antioquia (<b>Dagran<\/b>), est\u00e1 la del\u00a0<b>corregimiento de Villa Nueva del municipio de Yolomb\u00f3<\/b>, donde un alud de tierra\u00a0<b>afect\u00f3 a 80 familias y produjo el colapso total de siete viviendas<\/b>. La avalancha caus\u00f3 da\u00f1os en el acueducto local y en distintos escenarios deportivos.<\/p>\n<\/div>\n","protected":false},"excerpt":{"rendered":"<p>Los habitantes de Carolina del Pr\u00edncipe se han visto afectados en los \u00faltimos meses por noticias falsas y difamaci\u00f3n difundidas a trav\u00e9s de cadenas de esta red social Carolina del&hellip;<\/p>\n","protected":false},"author":1,"featured_media":26356,"comment_status":"open","ping_status":"closed","sticky":false,"template":"","format":"standard","meta":{"footnotes":""},"categories":[9],"tags":[],"class_list":["post-26354","post","type-post","status-publish","format-standard","has-post-thumbnail","hentry","category-internacional"],"_links":{"self":[{"href":"https:\/\/radiogecko.com\/index.php?rest_route=\/wp\/v2\/posts\/26354","targetHints":{"allow":["GET"]}}],"collection":[{"href":"https:\/\/radiogecko.com\/index.php?rest_route=\/wp\/v2\/posts"}],"about":[{"href":"https:\/\/radiogecko.com\/index.php?rest_route=\/wp\/v2\/types\/post"}],"author":[{"embeddable":true,"href":"https:\/\/radiogecko.com\/index.php?rest_route=\/wp\/v2\/users\/1"}],"replies":[{"embeddable":true,"href":"https:\/\/radiogecko.com\/index.php?rest_route=%2Fwp%2Fv2%2Fcomments&post=26354"}],"version-history":[{"count":0,"href":"https:\/\/radiogecko.com\/index.php?rest_route=\/wp\/v2\/posts\/26354\/revisions"}],"wp:featuredmedia":[{"embeddable":true,"href":"https:\/\/radiogecko.com\/index.php?rest_route=\/wp\/v2\/media\/26356"}],"wp:attachment":[{"href":"https:\/\/radiogecko.com\/index.php?rest_route=%2Fwp%2Fv2%2Fmedia&parent=26354"}],"wp:term":[{"taxonomy":"category","embeddable":true,"href":"https:\/\/radiogecko.com\/index.php?rest_route=%2Fwp%2Fv2%2Fcategories&post=26354"},{"taxonomy":"post_tag","embeddable":true,"href":"https:\/\/radiogecko.com\/index.php?rest_route=%2Fwp%2Fv2%2Ftags&post=26354"}],"curies":[{"name":"wp","href":"https:\/\/api.w.org\/{rel}","templated":true}]}}