{"id":26363,"date":"2023-06-06T16:10:33","date_gmt":"2023-06-06T21:10:33","guid":{"rendered":"https:\/\/notidirectoplayadelcarmen.com\/?p=26363"},"modified":"2023-06-06T16:10:33","modified_gmt":"2023-06-06T21:10:33","slug":"hoteleros-de-playa-del-carmen-no-tienen-expectativas-altas-para-verano","status":"publish","type":"post","link":"https:\/\/radiogecko.com\/?p=26363","title":{"rendered":"Hoteleros de Playa del Carmen no tienen expectativas altas para verano"},"content":{"rendered":"<div>\n<div class=\"row m-b-15\">\n<div class=\"col-xs-12 col-sm-12 col-md-12 col-lg-12\">\n<h4 class=\"introduction\" style=\"text-align: center;\">Desde que comenz\u00f3 la reactivaci\u00f3n econ\u00f3mica luego de la pandemia del coronavirus, la Riviera Maya ha sido uno de los destinos m\u00e1s concurridos.<\/h4>\n<\/div>\n<\/div>\n<\/div>\n<div class=\"row m-b-25\">\n<div class=\"col-xs-12 col-sm-12 col-md-12 col-lg-12 info-extra-new\">\n<p>Hoteleros locales\u00a0<strong>no esperan un fuerte repunte para la temporada alta de verano<\/strong>, debido a que otros destinos vacacionales que compiten con la Riviera Maya ya se han reactivado plenamente.<\/p>\n<p>Andrea Lotito, vicepresidente de la Asociaci\u00f3n de Hoteles de la Riviera Maya, reiter\u00f3 que no esperan un fuerte repunte como ha ocurrido en las anteriores temporadas vacacionales, cuando el destino acaparaba buena parte del mercado internacional.<\/p>\n<p>\u201cCon base en la informaci\u00f3n que tenemos de las agencias en l\u00ednea, la tendencia en la ciudad para el verano que viene es a la baja, un 20% respecto al a\u00f1o pasado.<\/p>\n<p>Un momento at\u00edpico de baja ocupaci\u00f3n en la ciudad entre Semana Santa y junio, tenemos la confianza que esto se pueda revertir\u201d, agreg\u00f3 Andrea Lotito.<\/p>\n<p>Desde que comenz\u00f3 la reactivaci\u00f3n econ\u00f3mica luego de la pandemia del coronavirus, la Riviera Maya ha sido uno de los destinos m\u00e1s concurridos.<\/p>\n<h2>Playas libres de sargazo, fortaleza de la Riviera Maya<\/h2>\n<p>El paradero vacacional ha llegado a experimentar picos de ocupaci\u00f3n que\u00a0<strong>sobre\u00a0pasan el 90%<\/strong>, principalmente en temporada vacacional; sin embargo, con la conclusi\u00f3n de la pandemia a nivel mundial, otros destinos tambi\u00e9n han abierto plenamente sus puertas y con ello la diversidad de oferta tur\u00edstica se ha incrementado, de acuerdo con lo expuesto por el entrevistado.<\/p>\n<p><cite>\u201cSe observa el regreso de Espa\u00f1a, Reino Unido y crece Colombia nuevamente. La tendencia es la reserva de \u00faltimo minuto, que cubre hasta el 60% de las ventas y muchas veces se relaciona con las mejores ofertas de vuelos (&#8230;) El estudio indica que llegar\u00e1 un 75% de turismo internacional, y 25%, nacional, pero las reservas m\u00e1s adelantadas son las del turismo nacional\u201d, explic\u00f3.<\/cite><\/p>\n<p>Aunque, de acuerdo con el entrevistado, la Riviera Maya tiene otras fortalezas en este momento, como playas libres de sargazo y un peso fortalecido.<\/p>\n<blockquote><p><cite>\u201cDebido al peso fuerte y d\u00f3lar d\u00e9bil es importante comunicar que nuestro destino tiene opciones aptas a todos los bolsillos, con hospedaje de calidad a partir de 700 pesos en ubicaciones que permiten la tan solicitada experiencia local en seguridad\u201d, concluy\u00f3.<\/cite><\/p><\/blockquote>\n<\/div>\n<\/div>\n","protected":false},"excerpt":{"rendered":"<p>Desde que comenz\u00f3 la reactivaci\u00f3n econ\u00f3mica luego de la pandemia del coronavirus, la Riviera Maya ha sido uno de los destinos m\u00e1s concurridos. Hoteleros locales\u00a0no esperan un fuerte repunte para&hellip;<\/p>\n","protected":false},"author":1,"featured_media":26365,"comment_status":"open","ping_status":"closed","sticky":false,"template":"","format":"standard","meta":{"footnotes":""},"categories":[4],"tags":[],"class_list":["post-26363","post","type-post","status-publish","format-standard","has-post-thumbnail","hentry","category-local"],"_links":{"self":[{"href":"https:\/\/radiogecko.com\/index.php?rest_route=\/wp\/v2\/posts\/26363","targetHints":{"allow":["GET"]}}],"collection":[{"href":"https:\/\/radiogecko.com\/index.php?rest_route=\/wp\/v2\/posts"}],"about":[{"href":"https:\/\/radiogecko.com\/index.php?rest_route=\/wp\/v2\/types\/post"}],"author":[{"embeddable":true,"href":"https:\/\/radiogecko.com\/index.php?rest_route=\/wp\/v2\/users\/1"}],"replies":[{"embeddable":true,"href":"https:\/\/radiogecko.com\/index.php?rest_route=%2Fwp%2Fv2%2Fcomments&post=26363"}],"version-history":[{"count":0,"href":"https:\/\/radiogecko.com\/index.php?rest_route=\/wp\/v2\/posts\/26363\/revisions"}],"wp:featuredmedia":[{"embeddable":true,"href":"https:\/\/radiogecko.com\/index.php?rest_route=\/wp\/v2\/media\/26365"}],"wp:attachment":[{"href":"https:\/\/radiogecko.com\/index.php?rest_route=%2Fwp%2Fv2%2Fmedia&parent=26363"}],"wp:term":[{"taxonomy":"category","embeddable":true,"href":"https:\/\/radiogecko.com\/index.php?rest_route=%2Fwp%2Fv2%2Fcategories&post=26363"},{"taxonomy":"post_tag","embeddable":true,"href":"https:\/\/radiogecko.com\/index.php?rest_route=%2Fwp%2Fv2%2Ftags&post=26363"}],"curies":[{"name":"wp","href":"https:\/\/api.w.org\/{rel}","templated":true}]}}