{"id":26366,"date":"2023-06-06T16:12:12","date_gmt":"2023-06-06T21:12:12","guid":{"rendered":"https:\/\/notidirectoplayadelcarmen.com\/?p=26366"},"modified":"2023-06-06T16:12:12","modified_gmt":"2023-06-06T21:12:12","slug":"realizaran-marcha-del-orgullo-en-playa-del-carmen","status":"publish","type":"post","link":"https:\/\/radiogecko.com\/?p=26366","title":{"rendered":"Realizar\u00e1n marcha del orgullo en Playa del Carmen"},"content":{"rendered":"<p class=\"ql-align-justify\">Seg\u00fan Silvio Hern\u00e1ndez, miembro de la organizaci\u00f3n del evento, el 24 de junio la diversa comunidad de Playa del Carmen realizar\u00e1 una Marcha del Orgullo por la Diversidad Sexual en Solidaridad, con la participaci\u00f3n de unas 10,000 personas.<\/p>\n<p class=\"ql-align-justify\">Explic\u00f3 que el s\u00e1bado 24 de junio a las 16:00 horas se iniciar\u00e1 este movimiento bajo el asta de la avenida Constituyentes y debido a la remodelaci\u00f3n de la Plaza 28 de Junio, este a\u00f1o se cambi\u00f3 la ruta de la marcha.<\/p>\n<p class=\"ql-align-justify\">Explic\u00f3 que el recorrido partir\u00eda desde dicho punto, pasando por la 5ta Avenida y todo Ju\u00e1rez hasta el Poliforum. En Poliforum tendr\u00e1n escenario, \u00e1rea de comidas y ventas. Agreg\u00f3 que tendr\u00e1n artistas invitados y una sorpresa para todos los visitantes.<\/p>\n<blockquote class=\"ql-align-justify\"><p>\u201cNos retrasamos un poquito porque est\u00e1bamos organizando con la Direcci\u00f3n de Diversidad Sexual todo el nuevo recorrido y sobre todo porque el a\u00f1o pasado recordemos que tuvimos m\u00e1s de 7 mil personas en la marcha y el nivel de organizaci\u00f3n ten\u00eda que ser mucho m\u00e1s fuerte. Este a\u00f1o se esperan alrededor de10 mil personas en la marcha y esperemos que sea un \u00e9xito\u201d, dijo.<\/p><\/blockquote>\n<p class=\"ql-align-justify\">Invit\u00f3 a todos y record\u00f3 que esta es una marcha de todos, de la familia, de los amigos y no necesariamente tienen que ser pertenecientes a la diversidad de la comunidad LGBTI, para ir a apoyar una causa como tal.<\/p>\n<blockquote class=\"ql-align-justify\"><p>\u201cLes pedimos, al igual que el a\u00f1o pasado, que vayan las familias apoyando en los carros o caminando, que vayan los amigos de las escuelas y que se note la uni\u00f3n familiar, amor es amor y esta es una marcha para todos\u201d, concluy\u00f3.<\/p><\/blockquote>\n","protected":false},"excerpt":{"rendered":"<p>Seg\u00fan Silvio Hern\u00e1ndez, miembro de la organizaci\u00f3n del evento, el 24 de junio la diversa comunidad de Playa del Carmen realizar\u00e1 una Marcha del Orgullo por la Diversidad Sexual en&hellip;<\/p>\n","protected":false},"author":1,"featured_media":26368,"comment_status":"open","ping_status":"closed","sticky":false,"template":"","format":"standard","meta":{"footnotes":""},"categories":[4],"tags":[],"class_list":["post-26366","post","type-post","status-publish","format-standard","has-post-thumbnail","hentry","category-local"],"_links":{"self":[{"href":"https:\/\/radiogecko.com\/index.php?rest_route=\/wp\/v2\/posts\/26366","targetHints":{"allow":["GET"]}}],"collection":[{"href":"https:\/\/radiogecko.com\/index.php?rest_route=\/wp\/v2\/posts"}],"about":[{"href":"https:\/\/radiogecko.com\/index.php?rest_route=\/wp\/v2\/types\/post"}],"author":[{"embeddable":true,"href":"https:\/\/radiogecko.com\/index.php?rest_route=\/wp\/v2\/users\/1"}],"replies":[{"embeddable":true,"href":"https:\/\/radiogecko.com\/index.php?rest_route=%2Fwp%2Fv2%2Fcomments&post=26366"}],"version-history":[{"count":0,"href":"https:\/\/radiogecko.com\/index.php?rest_route=\/wp\/v2\/posts\/26366\/revisions"}],"wp:featuredmedia":[{"embeddable":true,"href":"https:\/\/radiogecko.com\/index.php?rest_route=\/wp\/v2\/media\/26368"}],"wp:attachment":[{"href":"https:\/\/radiogecko.com\/index.php?rest_route=%2Fwp%2Fv2%2Fmedia&parent=26366"}],"wp:term":[{"taxonomy":"category","embeddable":true,"href":"https:\/\/radiogecko.com\/index.php?rest_route=%2Fwp%2Fv2%2Fcategories&post=26366"},{"taxonomy":"post_tag","embeddable":true,"href":"https:\/\/radiogecko.com\/index.php?rest_route=%2Fwp%2Fv2%2Ftags&post=26366"}],"curies":[{"name":"wp","href":"https:\/\/api.w.org\/{rel}","templated":true}]}}