{"id":26444,"date":"2023-06-08T14:47:53","date_gmt":"2023-06-08T19:47:53","guid":{"rendered":"https:\/\/notidirectoplayadelcarmen.com\/?p=26444"},"modified":"2023-06-08T14:47:53","modified_gmt":"2023-06-08T19:47:53","slug":"programan-apertura-del-central-de-abastos-de-playa-del-carmen","status":"publish","type":"post","link":"https:\/\/radiogecko.com\/?p=26444","title":{"rendered":"Programan apertura del central de abastos de Playa del Carmen"},"content":{"rendered":"<div>\n<div class=\"row m-b-15\">\n<div class=\"col-xs-12 col-sm-12 col-md-12 col-lg-12\">\n<h4 class=\"introduction\" style=\"text-align: center;\">Esperan que se reduzcan los costos de insumos b\u00e1sicos hasta en un 30%.<\/h4>\n<p>Para agosto prev\u00e9n abrir las primeras unidades de la\u00a0<strong>Central de Abasto y Centro Log\u00edstico de Playa del Carmen<\/strong>, con lo cual comenzar\u00e1 a funcionar el proyecto que prev\u00e9n reduzca los costos de insumos b\u00e1sicos hasta en un 30%.<\/p>\n<p>Wilberth Guti\u00e9rrez \u00c1lvarez, presidente nacional de la Asociaci\u00f3n Mexicana de la Industria Inmobiliaria (AMII), adelant\u00f3 que ser\u00e1 aperturada la primera nave y un mercadito que comprende la primera etapa del proyecto.<\/p>\n<blockquote><p><em>\u201c<strong>La construcci\u00f3n de la primera etapa ya lleva cerca del 80 al 85% de avance<\/strong>, de hecho la idea es echarla a andar en el mes de agosto, justo en estos d\u00edas debe haber una reuni\u00f3n con la presidenta municipal (&#8230;) arrancar\u00e1 la primera nave junto con el mercado. En noviembre entregaremos otra nave. Antes de que termine el a\u00f1o debe de estar operando la central de abasto\u201d, explic\u00f3 Guti\u00e9rrez \u00c1lvarez.<\/em><\/p><\/blockquote>\n<div id=\"div-gpt-ad-inread-64812a2a9f852500130f0606\" data-name=\"inread\" data-size=\"[[336,250], [300,250]]\" data-google-query-id=\"CMPA_8e3tP8CFY_Xhwod_NQGqA\">\n<div id=\"google_ads_iframe_\/4334274\/inread_0__container__\"><\/div>\n<\/div>\n<p>Este proyecto tiene un costo de inversi\u00f3n de alrededor de mil millones de pesos, provenientes de la iniciativa privada, de acuerdo con datos proporcionados en su momento.<\/p>\n<p>La Central de Abasto y Centro Log\u00edstico de Playa del Carmen\u00a0<strong>se ubicar\u00e1 en el entronque de la autopista Playa del Carmen- El Tintal<\/strong>, que conduce a M\u00e9rida. Adem\u00e1s, en las cercan\u00edas del punto donde quedar\u00e1 la estaci\u00f3n del Tren Maya tramo 5 Sur.<\/p>\n<blockquote><p><em>\u201cConsideramos que el Tren Maya sea ben\u00e9fico, considerando que se pueda descargar mercanc\u00eda, finalmente es un tren de carga en un 70%. Quintana Roo desafortunadamente no produce lo que necesitamos. El sureste mexicano, Tabasco, Chiapas, son estados bastante importantes en cuanto a producci\u00f3n, entonces el tren ser\u00e1 el veh\u00edculo que pueda abaratar el costo\u201d, expuso.<\/em><\/p><\/blockquote>\n<p>La Central de Abasto y Centro Log\u00edstico comenz\u00f3 a edificarse durante la pandemia. A tres a\u00f1os esperan pronto empezar la etapa de conclusi\u00f3n.<\/p>\n<blockquote>\n<div id=\"div-gpt-ad-inread-2-64812a2a9f852500130f0606\" data-name=\"inread\" data-size=\"[[336,250], [300,250]]\" data-google-query-id=\"CNG6_8e3tP8CFRRchwodhbkCgA\">\n<div id=\"google_ads_iframe_\/4334274\/inread_1__container__\"><\/div>\n<\/div>\n<p><em>\u201c<strong>Es un proyecto que en su momento se tuvo duda si se iba a realizar o no<\/strong>. Es de un proyecto de tama\u00f1o grande y con montos de inversi\u00f3n muy grandes y por supuesto no ha sido f\u00e1cil llevarlo a cabo lo que demanda de trabajos y recursos, pero el grupo inversor que est\u00e1 detr\u00e1s del proyecto ha tenido la capacidad t\u00e9cnica\u201d, dijo.<\/em><\/p><\/blockquote>\n<\/div>\n<\/div>\n<\/div>\n<div class=\"row m-b-25\">\n<div class=\"col-xs-12 col-sm-12 col-md-12 col-lg-12 info-extra-new\"><\/div>\n<\/div>\n","protected":false},"excerpt":{"rendered":"<p>Esperan que se reduzcan los costos de insumos b\u00e1sicos hasta en un 30%. Para agosto prev\u00e9n abrir las primeras unidades de la\u00a0Central de Abasto y Centro Log\u00edstico de Playa del&hellip;<\/p>\n","protected":false},"author":1,"featured_media":26446,"comment_status":"open","ping_status":"closed","sticky":false,"template":"","format":"standard","meta":{"footnotes":""},"categories":[4],"tags":[],"class_list":["post-26444","post","type-post","status-publish","format-standard","has-post-thumbnail","hentry","category-local"],"_links":{"self":[{"href":"https:\/\/radiogecko.com\/index.php?rest_route=\/wp\/v2\/posts\/26444","targetHints":{"allow":["GET"]}}],"collection":[{"href":"https:\/\/radiogecko.com\/index.php?rest_route=\/wp\/v2\/posts"}],"about":[{"href":"https:\/\/radiogecko.com\/index.php?rest_route=\/wp\/v2\/types\/post"}],"author":[{"embeddable":true,"href":"https:\/\/radiogecko.com\/index.php?rest_route=\/wp\/v2\/users\/1"}],"replies":[{"embeddable":true,"href":"https:\/\/radiogecko.com\/index.php?rest_route=%2Fwp%2Fv2%2Fcomments&post=26444"}],"version-history":[{"count":0,"href":"https:\/\/radiogecko.com\/index.php?rest_route=\/wp\/v2\/posts\/26444\/revisions"}],"wp:featuredmedia":[{"embeddable":true,"href":"https:\/\/radiogecko.com\/index.php?rest_route=\/wp\/v2\/media\/26446"}],"wp:attachment":[{"href":"https:\/\/radiogecko.com\/index.php?rest_route=%2Fwp%2Fv2%2Fmedia&parent=26444"}],"wp:term":[{"taxonomy":"category","embeddable":true,"href":"https:\/\/radiogecko.com\/index.php?rest_route=%2Fwp%2Fv2%2Fcategories&post=26444"},{"taxonomy":"post_tag","embeddable":true,"href":"https:\/\/radiogecko.com\/index.php?rest_route=%2Fwp%2Fv2%2Ftags&post=26444"}],"curies":[{"name":"wp","href":"https:\/\/api.w.org\/{rel}","templated":true}]}}