{"id":26483,"date":"2023-06-09T16:00:05","date_gmt":"2023-06-09T21:00:05","guid":{"rendered":"https:\/\/notidirectoplayadelcarmen.com\/?p=26483"},"modified":"2023-06-09T16:00:05","modified_gmt":"2023-06-09T21:00:05","slug":"playa-del-carmen-taxistas-rodean-a-turista-y-le-pegan-frente-a-su-hijo","status":"publish","type":"post","link":"https:\/\/radiogecko.com\/?p=26483","title":{"rendered":"Playa del Carmen: taxistas rodean a turista y le pegan frente a su hijo"},"content":{"rendered":"<p>La violencia de los taxistas en Quintana Roo se vuelve cotidiana no solo con los operadores de Uber sino tambi\u00e9n con los pasajeros.\u00a0Este mi\u00e9rcoles dos taxistas del Sindicato \u201cL\u00e1zaro C\u00e1rdenas\u201d de Playa del Carmen fueron detenidos luego de que protagonizaran una ri\u00f1a contra un pasajero en este municipio. El pasajero, un turista nacional, iba acompa\u00f1ado de su hijo al momento del altercado, y sufri\u00f3 golpes en la cabeza.<\/p>\n<p>De acuerdo con el reporte oficial, uno de los taxistas conduc\u00eda una unidad identificada con el n\u00famero 3256, la cual fue asegurada luego de que agentes policiacos arribaran a auxiliar al pasajero, quien se encontraba rodeado de varios choferes, los cuales llegaron a apoyar a su compa\u00f1ero. Los polic\u00edas arrestaron al operador de la unidad antes mencionada, as\u00ed como al conductor de otro taxi modelo Nissan Versa, tras una persecuci\u00f3n policial. Los detenidos responden a los hombres de Belisario de 32 a\u00f1os de edad, y Esteban de 25, originarios del estado de Tabasco, quienes fueron puestos a disposici\u00f3n de la Fiscal\u00eda General del Estado.<\/p>\n<p>As\u00ed mismo, ayer varios taxistas a\u00fan no identificados agredieron a un chofer de Uber frente al hotel Royalton de Canc\u00fan, a quien le lanzaron piedras, logrando romper el parabrisas de su auto, por lo que el conductor solicit\u00f3 apoyo de las autoridades a trav\u00e9s de la l\u00ednea de emergencia.<\/p>\n<p>Al lugar llegaron polic\u00edas para atender la situaci\u00f3n, aunque las autoridades no han confirmado si hubo detenidos por estos hechos. El autom\u00f3vil da\u00f1ado fue asegurado en las inmediaciones del complejo hotelero que se ubica sobre la carretera Canc\u00fan-Puerto Morelos.<\/p>\n<p>Cabe destacar que hasta el momento suman ya 37 procedimientos en el Instituto de Movilidad de Quintana Roo (Imoveqroo) en contra de taxistas por diversas circunstancias, como las agresiones a conductores de Uber.<\/p>\n<p>As\u00ed lo indic\u00f3 Cristina Torres G\u00f3mez, titular de la Secretar\u00eda de Gobierno: \u201cEl estatus administrativo ya son sanciones, restricci\u00f3n de la licencia de conducir, inmovilizaci\u00f3n de la unidad e inicio del procedimiento de rescisi\u00f3n de la concesi\u00f3n. Tenemos 37 expedientes de los cuales tres ya est\u00e1n en la \u00faltima etapa de sustanciaci\u00f3n de pruebas\u201d, se\u00f1al\u00f3.<\/p>\n<p>En reiteradas ocasiones, hoteleros y empresarios de este destino tur\u00edstico han pedido a las autoridades poner \u201cmano dura\u201d contra los taxistas que act\u00faan al margen de la ley, por lo que piden la revocaci\u00f3n de concesiones y sitios de taxis, cancelar licencias y detener a los infractores.<\/p>\n<p>Como revel\u00f3, tambi\u00e9n han vuelto los ataques a los choferes de Uber a poco de la llegada de miles de turista y luego de casi un mes de relativa calma (Canc\u00fan: nuevo ataque a ch\u00f3feres de Uber a poco del arribo de miles de turistas).<\/p>\n","protected":false},"excerpt":{"rendered":"<p>La violencia de los taxistas en Quintana Roo se vuelve cotidiana no solo con los operadores de Uber sino tambi\u00e9n con los pasajeros.\u00a0Este mi\u00e9rcoles dos taxistas del Sindicato \u201cL\u00e1zaro C\u00e1rdenas\u201d&hellip;<\/p>\n","protected":false},"author":1,"featured_media":26485,"comment_status":"open","ping_status":"closed","sticky":false,"template":"","format":"standard","meta":{"footnotes":""},"categories":[4],"tags":[],"class_list":["post-26483","post","type-post","status-publish","format-standard","has-post-thumbnail","hentry","category-local"],"_links":{"self":[{"href":"https:\/\/radiogecko.com\/index.php?rest_route=\/wp\/v2\/posts\/26483","targetHints":{"allow":["GET"]}}],"collection":[{"href":"https:\/\/radiogecko.com\/index.php?rest_route=\/wp\/v2\/posts"}],"about":[{"href":"https:\/\/radiogecko.com\/index.php?rest_route=\/wp\/v2\/types\/post"}],"author":[{"embeddable":true,"href":"https:\/\/radiogecko.com\/index.php?rest_route=\/wp\/v2\/users\/1"}],"replies":[{"embeddable":true,"href":"https:\/\/radiogecko.com\/index.php?rest_route=%2Fwp%2Fv2%2Fcomments&post=26483"}],"version-history":[{"count":0,"href":"https:\/\/radiogecko.com\/index.php?rest_route=\/wp\/v2\/posts\/26483\/revisions"}],"wp:featuredmedia":[{"embeddable":true,"href":"https:\/\/radiogecko.com\/index.php?rest_route=\/wp\/v2\/media\/26485"}],"wp:attachment":[{"href":"https:\/\/radiogecko.com\/index.php?rest_route=%2Fwp%2Fv2%2Fmedia&parent=26483"}],"wp:term":[{"taxonomy":"category","embeddable":true,"href":"https:\/\/radiogecko.com\/index.php?rest_route=%2Fwp%2Fv2%2Fcategories&post=26483"},{"taxonomy":"post_tag","embeddable":true,"href":"https:\/\/radiogecko.com\/index.php?rest_route=%2Fwp%2Fv2%2Ftags&post=26483"}],"curies":[{"name":"wp","href":"https:\/\/api.w.org\/{rel}","templated":true}]}}