{"id":26486,"date":"2023-06-09T16:00:34","date_gmt":"2023-06-09T21:00:34","guid":{"rendered":"https:\/\/notidirectoplayadelcarmen.com\/?p=26486"},"modified":"2023-06-09T16:00:34","modified_gmt":"2023-06-09T21:00:34","slug":"exhortan-a-tomar-precauciones-ante-tormentas-electricas-en-playa-del-carmen","status":"publish","type":"post","link":"https:\/\/radiogecko.com\/?p=26486","title":{"rendered":"Exhortan a tomar precauciones ante tormentas el\u00e9ctricas en Playa del Carmen"},"content":{"rendered":"<div>\n<div class=\"row m-b-15\">\n<div class=\"col-xs-12 col-sm-12 col-md-12 col-lg-12\">\n<h4 class=\"introduction\" style=\"text-align: center;\">Especialistas pide extremar precauciones ya que se han registrado p\u00e9rdidas humanas por el fen\u00f3meno.<\/h4>\n<\/div>\n<\/div>\n<\/div>\n<div class=\"row m-b-25\">\n<div class=\"col-xs-12 col-sm-12 col-md-12 col-lg-12 info-extra-new\">\n<p>Ante las tormentas el\u00e9ctricas vespertinas y nocturnas que continuar\u00e1n a\u00fan en la regi\u00f3n, por lo que el\u00a0<strong>especialista local<\/strong>\u00a0pide extremar precauciones debido a que ya ha habido p\u00e9rdidas humanas por el\u00a0<strong>fen\u00f3meno en Playa del Carmen.<\/strong><\/p>\n<p>De acuerdo con Luis Antonio Morales Oca\u00f1a, meteor\u00f3logo de la\u00a0<strong>Secretar\u00eda de Protecci\u00f3n Civil Prevenci\u00f3n de Riesgos y Bomberos<\/strong>, estas tormentas continuar\u00e1n unos d\u00edas m\u00e1s debido al fuerte calentamiento por el d\u00eda que ocasiona la formaci\u00f3n de grandes nubes en\u00a0<strong>\u00e1reas extensas de la Pen\u00ednsula de Yucat\u00e1n.<\/strong><\/p>\n<p>Record\u00f3 que en Playa del Carmen en los \u00faltimos a\u00f1os ha habido decesos, principalmente en la playa, por lo que pidi\u00f3 a la poblaci\u00f3n tomar en serio estas tormentas.<\/p>\n<blockquote>\n<div id=\"div-gpt-ad-inread-64828a9c9f852500130f06b3\" data-name=\"inread\" data-size=\"[[336,250], [300,250]]\" data-google-query-id=\"CMzwzJTwtv8CFSVKwQodj50F8w\">\n<div id=\"google_ads_iframe_\/4334274\/inread_0__container__\"><\/div>\n<\/div>\n<p>\u201cLas empresas en general deben de contar con sus pararrayos, con una buena tierra f\u00edsica donde caiga el rayo y haga tierra para que no afecte las estructuras, los aparatos el\u00e9ctricos. A la gente en general, pues bueno, es audible los truenos y cuando se escuchen hay que desconectar los aparatos el\u00e9ctricos para evitar que se nos quemen (&#8230;) hay que resguardarse\u201d, expuso.<\/p><\/blockquote>\n<p>Desde los \u00faltimos d\u00edas de mayo y en lo que va de junio, pr\u00e1cticamente todas las tardes y noches han ocurrido fuertes lluvias con tormentas el\u00e9ctricas que han iluminado el cielo en horario nocturno. Diversos pobladores se han tomado el tiempo para\u00a0<strong>captar con video o fotograf\u00eda el resplandor de los rayos,<\/strong>\u00a0sin embargo, Morales Oca\u00f1a pidi\u00f3 no confiarse.<\/p>\n<p>Tan s\u00f3lo en los \u00faltimos cinco a\u00f1os, se ha sabido de muertes de personas en\u00a0<strong>Playa del Carmen\u00a0<\/strong>cuando se encontraban en la playa y hab\u00eda apenas indicios de tormenta el\u00e9ctrica.<\/p>\n<blockquote><p>\u201cEsto se va a alejar cuando est\u00e9 pr\u00f3xima una tormenta tropical, un cicl\u00f3n que va a buscar absorber la mayor cantidad de humedad. Esto puede ocurrir a mediano plazo, pero todav\u00eda no hay condiciones para que se forme uno con mucha intensidad, lo mejor es estar informado por medios oficiales\u201d, manifest\u00f3.<\/p><\/blockquote>\n<div id=\"div-gpt-ad-inread-2-64828a9c9f852500130f06b3\" data-name=\"inread\" data-size=\"[[336,250], [300,250]]\" data-google-query-id=\"CPWKzZTwtv8CFeUlwQods0IPEA\">\n<div id=\"google_ads_iframe_\/4334274\/inread_1__container__\"><\/div>\n<\/div>\n<p>El especialista sostuvo que se trata de un inicio de una\u00a0<strong>temporada de lluvias<\/strong>\u00a0y\u00a0<strong>ciclones tropicales muy activos,<\/strong>\u00a0que se ha dejado ver con fuertes lluvias en varias partes del estado.<\/p>\n<\/div>\n<\/div>\n","protected":false},"excerpt":{"rendered":"<p>Especialistas pide extremar precauciones ya que se han registrado p\u00e9rdidas humanas por el fen\u00f3meno. Ante las tormentas el\u00e9ctricas vespertinas y nocturnas que continuar\u00e1n a\u00fan en la regi\u00f3n, por lo que&hellip;<\/p>\n","protected":false},"author":1,"featured_media":26488,"comment_status":"open","ping_status":"closed","sticky":false,"template":"","format":"standard","meta":{"footnotes":""},"categories":[4],"tags":[],"class_list":["post-26486","post","type-post","status-publish","format-standard","has-post-thumbnail","hentry","category-local"],"_links":{"self":[{"href":"https:\/\/radiogecko.com\/index.php?rest_route=\/wp\/v2\/posts\/26486","targetHints":{"allow":["GET"]}}],"collection":[{"href":"https:\/\/radiogecko.com\/index.php?rest_route=\/wp\/v2\/posts"}],"about":[{"href":"https:\/\/radiogecko.com\/index.php?rest_route=\/wp\/v2\/types\/post"}],"author":[{"embeddable":true,"href":"https:\/\/radiogecko.com\/index.php?rest_route=\/wp\/v2\/users\/1"}],"replies":[{"embeddable":true,"href":"https:\/\/radiogecko.com\/index.php?rest_route=%2Fwp%2Fv2%2Fcomments&post=26486"}],"version-history":[{"count":0,"href":"https:\/\/radiogecko.com\/index.php?rest_route=\/wp\/v2\/posts\/26486\/revisions"}],"wp:featuredmedia":[{"embeddable":true,"href":"https:\/\/radiogecko.com\/index.php?rest_route=\/wp\/v2\/media\/26488"}],"wp:attachment":[{"href":"https:\/\/radiogecko.com\/index.php?rest_route=%2Fwp%2Fv2%2Fmedia&parent=26486"}],"wp:term":[{"taxonomy":"category","embeddable":true,"href":"https:\/\/radiogecko.com\/index.php?rest_route=%2Fwp%2Fv2%2Fcategories&post=26486"},{"taxonomy":"post_tag","embeddable":true,"href":"https:\/\/radiogecko.com\/index.php?rest_route=%2Fwp%2Fv2%2Ftags&post=26486"}],"curies":[{"name":"wp","href":"https:\/\/api.w.org\/{rel}","templated":true}]}}