{"id":26510,"date":"2023-06-10T10:03:28","date_gmt":"2023-06-10T15:03:28","guid":{"rendered":"https:\/\/notidirectoplayadelcarmen.com\/?p=26510"},"modified":"2023-06-10T10:03:28","modified_gmt":"2023-06-10T15:03:28","slug":"inter-playa-del-carmen-quieren-a-alvaro-morales-en-el-banquillo","status":"publish","type":"post","link":"https:\/\/radiogecko.com\/?p=26510","title":{"rendered":"Inter Playa del Carmen quieren a \u00c1lvaro Morales en el banquillo"},"content":{"rendered":"<h2>El comentarista de ESPN respondi\u00f3 que estudiar\u00e1 la propuesta del equipo de Liga Premier<\/h2>\n<p>En sus redes sociales,\u00a0<strong>Inter Playa del Carmen<\/strong>\u00a0lanz\u00f3 una invitaci\u00f3n abierta para el comentarista\u00a0<strong>\u00c1lvaro Morales\u00a0<\/strong>de\u00a0<em><strong>ESPN<\/strong><\/em>. \u00abHola, Alvarito Morales, sabemos que est\u00e1s interesado en dirigir a un equipo grande, por eso mejor vente al verdadero GIGANTE de Quintana Roo\u00bb.<\/p>\n<p>\u00ab\u00bfTe interesa? Esperamos tu proyecto\u00bb, a\u00f1adi\u00f3 la cuenta del conjunto de la Riviera Maya, el cual tiene una historia joven en el futbol, ya que fue fundado hace 23 a\u00f1os.<\/p>\n<p>\u00abLa silla m\u00e1s candente en Liga Premier&#8230; Uuf, es la de Inter Playa del Carmen\u00bb, a\u00f1adi\u00f3 el equipo de la\u00a0<strong>Liga Premier\u00a0<\/strong>de la<strong>\u00a0Federaci\u00f3n Mexicana de Futbol\u00a0<\/strong>en\u00a0<em>Twitter<\/em>.<\/p>\n<p>Lo anterior iba acompa\u00f1ado por el video de \u00c1<strong>lvaro Morales<\/strong>, en el que se postula para el\u00a0<strong>Club Am\u00e9rica<\/strong>, y se\u00f1alando que la del conjunto de\u00a0<strong>Coapa<\/strong>, es \u00abla silla m\u00e1s candente del futbol mexicano\u00bb.<\/p>\n<p><strong>\u00c1lvaro Morales<\/strong>\u00a0respondi\u00f3 de inmediato a la propuesta para llevar la batuta de\u00a0<strong>Inter Playa del Carmen<\/strong>, a trav\u00e9s de la misma res social.<\/p>\n<p>\u00abAgradecemos enormemente la propuesta y lo pensaremos con much\u00edsimo gusto\u2026 Un abrazo a la gran afici\u00f3n de Playa del Carmen\u00bb.<\/p>\n<p><strong>\u00c1lvaro Morales<\/strong>\u00a0es egresado de la generaci\u00f3n 2020-2022, del Programa de Formaci\u00f3n en Direcci\u00f3n T\u00e9cnica del Endit, que pertenece a la\u00a0<strong>Federaci\u00f3n Mexicana de Futbol.<\/strong><\/p>\n<p>Cabe se\u00f1alar que el anterior entrenador de<strong>\u00a0Inter Playa del Carmen<\/strong>\u00a0fue<strong>\u00a0Carlos Bracamontes<\/strong>, quien tiene una amplia trayectoria en primera divisi\u00f3n, Primera A y segunda divisi\u00f3n.<\/p>\n<p>Recordar que no ser\u00eda la primera vez que<strong>\u00a0Inter Playa del Carmen<\/strong>\u00a0decidir\u00eda dar la alternativa a un director t\u00e9cnico, en caso de que\u00a0<strong>\u00c1lvaro Morales<\/strong>\u00a0aceptara asumir el puesto en este equipo. A mediados de 2019, los &#8216;Pikolines&#8217; Marco Antonio y Alejandro Palacios debutaron al mando de esta misma escuadra, el primero como director t\u00e9cnico y su hermano como auxiliar.<\/p>\n","protected":false},"excerpt":{"rendered":"<p>El comentarista de ESPN respondi\u00f3 que estudiar\u00e1 la propuesta del equipo de Liga Premier En sus redes sociales,\u00a0Inter Playa del Carmen\u00a0lanz\u00f3 una invitaci\u00f3n abierta para el comentarista\u00a0\u00c1lvaro Morales\u00a0de\u00a0ESPN. \u00abHola, Alvarito&hellip;<\/p>\n","protected":false},"author":1,"featured_media":26512,"comment_status":"open","ping_status":"closed","sticky":false,"template":"","format":"standard","meta":{"footnotes":""},"categories":[4],"tags":[],"class_list":["post-26510","post","type-post","status-publish","format-standard","has-post-thumbnail","hentry","category-local"],"_links":{"self":[{"href":"https:\/\/radiogecko.com\/index.php?rest_route=\/wp\/v2\/posts\/26510","targetHints":{"allow":["GET"]}}],"collection":[{"href":"https:\/\/radiogecko.com\/index.php?rest_route=\/wp\/v2\/posts"}],"about":[{"href":"https:\/\/radiogecko.com\/index.php?rest_route=\/wp\/v2\/types\/post"}],"author":[{"embeddable":true,"href":"https:\/\/radiogecko.com\/index.php?rest_route=\/wp\/v2\/users\/1"}],"replies":[{"embeddable":true,"href":"https:\/\/radiogecko.com\/index.php?rest_route=%2Fwp%2Fv2%2Fcomments&post=26510"}],"version-history":[{"count":0,"href":"https:\/\/radiogecko.com\/index.php?rest_route=\/wp\/v2\/posts\/26510\/revisions"}],"wp:featuredmedia":[{"embeddable":true,"href":"https:\/\/radiogecko.com\/index.php?rest_route=\/wp\/v2\/media\/26512"}],"wp:attachment":[{"href":"https:\/\/radiogecko.com\/index.php?rest_route=%2Fwp%2Fv2%2Fmedia&parent=26510"}],"wp:term":[{"taxonomy":"category","embeddable":true,"href":"https:\/\/radiogecko.com\/index.php?rest_route=%2Fwp%2Fv2%2Fcategories&post=26510"},{"taxonomy":"post_tag","embeddable":true,"href":"https:\/\/radiogecko.com\/index.php?rest_route=%2Fwp%2Fv2%2Ftags&post=26510"}],"curies":[{"name":"wp","href":"https:\/\/api.w.org\/{rel}","templated":true}]}}