{"id":26529,"date":"2023-06-12T09:40:14","date_gmt":"2023-06-12T14:40:14","guid":{"rendered":"https:\/\/notidirectoplayadelcarmen.com\/?p=26529"},"modified":"2023-06-12T09:40:14","modified_gmt":"2023-06-12T14:40:14","slug":"alexis-ayala-y-cinthia-aparicio-sellan-su-amor-en-una-boda-civil-sorpesa","status":"publish","type":"post","link":"https:\/\/radiogecko.com\/?p=26529","title":{"rendered":"Alexis Ayala y Cinthia Aparicio sellan su amor en una boda civil sorpesa"},"content":{"rendered":"<p>Alexis Ayala y Cinthia Aparicio se casaron esta tarde. Aunque todo parec\u00eda ser solamente la fiesta de compromiso de la pareja, de un momento a otro los famosos sorprendieron a sus invitados cuando comenz\u00f3 el enlace por el civil.<\/p>\n<p>Fue en noviembre del 2022 cuando la pareja se comprometi\u00f3 despu\u00e9s de que Alexis Ayala le entregara a Cinthia Aparicio el anillo en Par\u00eds, una de las ciudades m\u00e1s rom\u00e1nticas en el mundo.<\/p>\n<p>Y aunque cuando Alexis y Cinthia anunciaron su relaci\u00f3n recibieron varias cr\u00edticas en contra debido a que entre ellos existe una diferencia de edad de 27 a\u00f1os, ambos demostraron que para el amor no hay edad y hoy celebraron su boda.<\/p>\n<p>Por medio de historias en Instagram, los amigos de la pareja como Alberto Arana y Yessica Espa\u00f1a compartieron fotos y videos de la boda que se realiz\u00f3 esta tarde.<\/p>\n<p>En un principio todo indicaba que solamente la pareja celebrar\u00eda una fiesta de compromiso junto con su familia y amigos m\u00e1s cercanos, sin embargo, ambos le dieron la sorpresa a todos los presentes cuando Alexis y Cinthia aparecieron usando un traje y un vestido blanco, respectivamente y poco despu\u00e9s lleg\u00f3 una jueza para empezar con la boda civil.<\/p>\n<p>Entre los invitados a la boda se encontraban Vika Andrade, Memo del Bosque, Elizabeth \u00c1lvarez y su esposo Jorge Salinas, entre otros.<\/p>\n<p>Aunque por ahora no se han revelado muchos detalles sobre el enlace matrimonial, meses atr\u00e1s Alexis Ayala y su ahora esposa, Cinthia, dijeron que estaban planeando los detalles de la boda, pero no dieron ninguna fecha.<\/p>\n<p>Hasta ahora se sabe que la pareja tambi\u00e9n desea casarse por la iglesia, pero no han explicado cu\u00e1ndo planean hacerlo, por lo que con este evento tambi\u00e9n podr\u00edan sorprender a m\u00e1s de uno y darse el s\u00ed en el altar cualquier d\u00eda.<\/p>\n","protected":false},"excerpt":{"rendered":"<p>Alexis Ayala y Cinthia Aparicio se casaron esta tarde. Aunque todo parec\u00eda ser solamente la fiesta de compromiso de la pareja, de un momento a otro los famosos sorprendieron a&hellip;<\/p>\n","protected":false},"author":1,"featured_media":26531,"comment_status":"open","ping_status":"closed","sticky":false,"template":"","format":"standard","meta":{"footnotes":""},"categories":[3],"tags":[],"class_list":["post-26529","post","type-post","status-publish","format-standard","has-post-thumbnail","hentry","category-espectaculos"],"_links":{"self":[{"href":"https:\/\/radiogecko.com\/index.php?rest_route=\/wp\/v2\/posts\/26529","targetHints":{"allow":["GET"]}}],"collection":[{"href":"https:\/\/radiogecko.com\/index.php?rest_route=\/wp\/v2\/posts"}],"about":[{"href":"https:\/\/radiogecko.com\/index.php?rest_route=\/wp\/v2\/types\/post"}],"author":[{"embeddable":true,"href":"https:\/\/radiogecko.com\/index.php?rest_route=\/wp\/v2\/users\/1"}],"replies":[{"embeddable":true,"href":"https:\/\/radiogecko.com\/index.php?rest_route=%2Fwp%2Fv2%2Fcomments&post=26529"}],"version-history":[{"count":0,"href":"https:\/\/radiogecko.com\/index.php?rest_route=\/wp\/v2\/posts\/26529\/revisions"}],"wp:featuredmedia":[{"embeddable":true,"href":"https:\/\/radiogecko.com\/index.php?rest_route=\/wp\/v2\/media\/26531"}],"wp:attachment":[{"href":"https:\/\/radiogecko.com\/index.php?rest_route=%2Fwp%2Fv2%2Fmedia&parent=26529"}],"wp:term":[{"taxonomy":"category","embeddable":true,"href":"https:\/\/radiogecko.com\/index.php?rest_route=%2Fwp%2Fv2%2Fcategories&post=26529"},{"taxonomy":"post_tag","embeddable":true,"href":"https:\/\/radiogecko.com\/index.php?rest_route=%2Fwp%2Fv2%2Ftags&post=26529"}],"curies":[{"name":"wp","href":"https:\/\/api.w.org\/{rel}","templated":true}]}}