{"id":26565,"date":"2023-06-12T15:38:09","date_gmt":"2023-06-12T20:38:09","guid":{"rendered":"https:\/\/notidirectoplayadelcarmen.com\/?p=26565"},"modified":"2023-06-12T15:38:09","modified_gmt":"2023-06-12T20:38:09","slug":"rayados-viajara-este-lunes-a-playa-del-carmen-para-compartir-unos-dias-de-integracion-con-el-nuevo-cuerpo-tecnico","status":"publish","type":"post","link":"https:\/\/radiogecko.com\/?p=26565","title":{"rendered":"Rayados viajar\u00e1 este lunes a Playa del Carmen para compartir unos d\u00edas de integraci\u00f3n con el nuevo cuerpo t\u00e9cnico."},"content":{"rendered":"<p>El 19 regresan a Monterrey.<\/p>\n<p>La cantidad de d\u00edas no es mucha, la pretemporada no ser\u00e1 normal como cualquier otra, pero el cuerpo t\u00e9cnico entendi\u00f3 que necesitaba una integraci\u00f3n con el grupo y\u00a0<strong>Rayados<\/strong>\u00a0viaja a\u00a0<strong>Playa del Carmen<\/strong>. Los albiazules estar\u00e1n solo una semana antes de regresar para el primer amistoso.<\/p>\n<p>El jueves 8 fue el d\u00eda elegido para que el plantel reportara en\u00a0<strong>El Barrial.<\/strong>\u00a0Despu\u00e9s de tres d\u00edas de trabajo en el centro de entrenamiento, encabezados por el\u00a0<strong>Tano Ortiz<\/strong>\u00a0partir\u00e1n hacia la playa.\u00a0<strong>Monterrey estar\u00e1 del lunes 12 al lunes 19.<\/strong><\/p>\n<p>El Hotel Barcel\u00f3 fue la sede elegida para la convivencia y para llevar a cabo la preparaci\u00f3n. Rayados volver\u00e1 a Monterrey e inmediatamente emprender\u00e1 viaje hacia\u00a0<strong>McAllen<\/strong>\u00a0para medirse al\u00a0<strong>Am\u00e9rica,<\/strong>\u00a0el martes 20, en el \u00fanico amistoso programado hasta el momento.<\/p>\n<div class=\"div_border\" contenteditable=\"false\">\n<p>Mientras la gente espera por refuerzos, el \u00fanico movimiento fue el de\u00a0<strong>Duv\u00e1n Vergara,<\/strong>\u00a0quien fue cedido a\u00a0<strong>Santos Laguna<\/strong>\u00a0por un a\u00f1o. La inc\u00f3gnita del futuro de\u00a0<strong>Maximiliano Meza<\/strong>\u00a0tambi\u00e9n se mantiene y la pretemporada podr\u00eda ser movida entre llegadas y salidas.<\/p>\n<\/div>\n","protected":false},"excerpt":{"rendered":"<p>El 19 regresan a Monterrey. La cantidad de d\u00edas no es mucha, la pretemporada no ser\u00e1 normal como cualquier otra, pero el cuerpo t\u00e9cnico entendi\u00f3 que necesitaba una integraci\u00f3n con&hellip;<\/p>\n","protected":false},"author":1,"featured_media":26567,"comment_status":"open","ping_status":"closed","sticky":false,"template":"","format":"standard","meta":{"footnotes":""},"categories":[4],"tags":[],"class_list":["post-26565","post","type-post","status-publish","format-standard","has-post-thumbnail","hentry","category-local"],"_links":{"self":[{"href":"https:\/\/radiogecko.com\/index.php?rest_route=\/wp\/v2\/posts\/26565","targetHints":{"allow":["GET"]}}],"collection":[{"href":"https:\/\/radiogecko.com\/index.php?rest_route=\/wp\/v2\/posts"}],"about":[{"href":"https:\/\/radiogecko.com\/index.php?rest_route=\/wp\/v2\/types\/post"}],"author":[{"embeddable":true,"href":"https:\/\/radiogecko.com\/index.php?rest_route=\/wp\/v2\/users\/1"}],"replies":[{"embeddable":true,"href":"https:\/\/radiogecko.com\/index.php?rest_route=%2Fwp%2Fv2%2Fcomments&post=26565"}],"version-history":[{"count":0,"href":"https:\/\/radiogecko.com\/index.php?rest_route=\/wp\/v2\/posts\/26565\/revisions"}],"wp:featuredmedia":[{"embeddable":true,"href":"https:\/\/radiogecko.com\/index.php?rest_route=\/wp\/v2\/media\/26567"}],"wp:attachment":[{"href":"https:\/\/radiogecko.com\/index.php?rest_route=%2Fwp%2Fv2%2Fmedia&parent=26565"}],"wp:term":[{"taxonomy":"category","embeddable":true,"href":"https:\/\/radiogecko.com\/index.php?rest_route=%2Fwp%2Fv2%2Fcategories&post=26565"},{"taxonomy":"post_tag","embeddable":true,"href":"https:\/\/radiogecko.com\/index.php?rest_route=%2Fwp%2Fv2%2Ftags&post=26565"}],"curies":[{"name":"wp","href":"https:\/\/api.w.org\/{rel}","templated":true}]}}