{"id":26595,"date":"2023-06-13T15:39:37","date_gmt":"2023-06-13T20:39:37","guid":{"rendered":"https:\/\/notidirectoplayadelcarmen.com\/?p=26595"},"modified":"2023-06-13T15:39:37","modified_gmt":"2023-06-13T20:39:37","slug":"sep-anuncia-nuevo-horario-escolar-por-ola-de-calor-en-mexico-cuales-son","status":"publish","type":"post","link":"https:\/\/radiogecko.com\/?p=26595","title":{"rendered":"SEP anuncia nuevo horario escolar por ola de calor en M\u00e9xico \u00bfCu\u00e1les son?"},"content":{"rendered":"<div class=\"row\">\n<div class=\"col-sm-xl-12 layout-section wrap-bottom\">\n<h4 class=\"primary-font__PrimaryFontStyles-o56yd5-0 eilDCc h4-primary sub-headline\" style=\"text-align: center;\">La SEP realizar\u00e1 modificaciones en estados como Sinaloa, Tamaulipas o Durango<\/h4>\n<div class=\"default__StyledDiv-cj38t1-0 gCPfDm share-bar\">\n<p class=\"default__StyledText-xb1qmn-0 gpITJF body-paragraph\">L<b>a ola de calor que azota a 19 estados de la Rep\u00fablica Mexicana<\/b>\u00a0provoc\u00f3 que la\u00a0<b>SEP tomar\u00e1 la decisi\u00f3n de cambiar el horario de clases<\/b>\u00a0en tres entidades para prevenir cualquier problema mayor derivado de las altas temperaturas.<\/p>\n<h2 class=\"heading__StyledHeading-sc-5jxglz-0 csWrNZ\"><b>\u00bfQu\u00e9 cambios har\u00e1 la SEP?<\/b><\/h2>\n<p class=\"default__StyledText-xb1qmn-0 gpITJF body-paragraph\">Los cambios que realizar\u00e1 la\u00a0<b>Secretar\u00eda de Educaci\u00f3n P\u00fablica (SEP)<\/b>\u00a0ser\u00e1n en\u00a0<b>educaci\u00f3n b\u00e1sica (preescolar, primaria y secundaria)<\/b>\u00a0y en colaboraci\u00f3n con las autoridades correspondientes, modificar\u00e1n el horario y calendario escolar en\u00a0<b>Sinaloa, Tampaulipas y Durango<\/b>, donde las altas temperaturas de la ola de calor pone en peligro la salud de los estudiantes.<\/p>\n<h2 class=\"heading__StyledHeading-sc-5jxglz-0 csWrNZ\"><b>Cambios en Sinaloa, Tamaulipas y Durango<\/b><\/h2>\n<p class=\"default__StyledText-xb1qmn-0 gpITJF body-paragraph\"><b>En Sinaloa<\/b>, el\u00a0<b>periodo vacacional se adelantar\u00e1\u00a0<\/b>y el \u00faltimo d\u00eda de clases ser\u00e1 el\u00a0<b>30 de junio<\/b>. Sumado a lo anterior, Protecci\u00f3n Civil estableci\u00f3 que las\u00a0<b>clases de educaci\u00f3n f\u00edsica deber\u00edan realizarse entre las 7:00 y 10:00 am<\/b>, para que los estudiantes no est\u00e9n expuestos al sol y tengan alg\u00fan problema. De ese modo, estas clases no ser\u00e1n canceladas.<\/p>\n<p class=\"default__StyledText-xb1qmn-0 gpITJF body-paragraph\"><b>En Altamira, Tamaulipas<\/b>\u00a0tienen problemas con la electricidad y sumado al dilema de la ola de calor, la autoridades optaron por\u00a0<b>modificar el horario escolar presencial<\/b>, mismo que se redujo a\u00a0<b>un par de horas para que los estudiantes se sientan m\u00e1s frescos y seguros<\/b>. Del mismo modo, esta modificaci\u00f3n previene el riesgo de insolaci\u00f3n y agotamiento a causa de las altas temperaturas.<\/p>\n<p class=\"default__StyledText-xb1qmn-0 gpITJF body-paragraph\"><b>Durango<\/b>\u00a0es de las entidades que m\u00e1s ha sufrido la ola de calor, ya que las\u00a0<b>temperaturas han estado por encima de los 40\u00b0C<\/b>\u00a0y para evitar cualquier tr\u00e1gico episodio con los estudiantes, la propuesta es que la\u00a0<b>salida de las aulas sea a las 11:30 de la ma\u00f1ana todos los d\u00edas.<\/b><\/p>\n<\/div>\n<\/div>\n<\/div>\n<div class=\"row\"><\/div>\n","protected":false},"excerpt":{"rendered":"<p>La SEP realizar\u00e1 modificaciones en estados como Sinaloa, Tamaulipas o Durango La ola de calor que azota a 19 estados de la Rep\u00fablica Mexicana\u00a0provoc\u00f3 que la\u00a0SEP tomar\u00e1 la decisi\u00f3n de&hellip;<\/p>\n","protected":false},"author":1,"featured_media":26597,"comment_status":"open","ping_status":"closed","sticky":false,"template":"","format":"standard","meta":{"footnotes":""},"categories":[2],"tags":[],"class_list":["post-26595","post","type-post","status-publish","format-standard","has-post-thumbnail","hentry","category-nacional"],"_links":{"self":[{"href":"https:\/\/radiogecko.com\/index.php?rest_route=\/wp\/v2\/posts\/26595","targetHints":{"allow":["GET"]}}],"collection":[{"href":"https:\/\/radiogecko.com\/index.php?rest_route=\/wp\/v2\/posts"}],"about":[{"href":"https:\/\/radiogecko.com\/index.php?rest_route=\/wp\/v2\/types\/post"}],"author":[{"embeddable":true,"href":"https:\/\/radiogecko.com\/index.php?rest_route=\/wp\/v2\/users\/1"}],"replies":[{"embeddable":true,"href":"https:\/\/radiogecko.com\/index.php?rest_route=%2Fwp%2Fv2%2Fcomments&post=26595"}],"version-history":[{"count":0,"href":"https:\/\/radiogecko.com\/index.php?rest_route=\/wp\/v2\/posts\/26595\/revisions"}],"wp:featuredmedia":[{"embeddable":true,"href":"https:\/\/radiogecko.com\/index.php?rest_route=\/wp\/v2\/media\/26597"}],"wp:attachment":[{"href":"https:\/\/radiogecko.com\/index.php?rest_route=%2Fwp%2Fv2%2Fmedia&parent=26595"}],"wp:term":[{"taxonomy":"category","embeddable":true,"href":"https:\/\/radiogecko.com\/index.php?rest_route=%2Fwp%2Fv2%2Fcategories&post=26595"},{"taxonomy":"post_tag","embeddable":true,"href":"https:\/\/radiogecko.com\/index.php?rest_route=%2Fwp%2Fv2%2Ftags&post=26595"}],"curies":[{"name":"wp","href":"https:\/\/api.w.org\/{rel}","templated":true}]}}