{"id":26607,"date":"2023-06-13T15:59:21","date_gmt":"2023-06-13T20:59:21","guid":{"rendered":"https:\/\/notidirectoplayadelcarmen.com\/?p=26607"},"modified":"2023-06-13T15:59:21","modified_gmt":"2023-06-13T20:59:21","slug":"ante-inicio-del-tren-maya-buscan-incentivar-turismo-entre-puebla-y-playa-del-carmen","status":"publish","type":"post","link":"https:\/\/radiogecko.com\/?p=26607","title":{"rendered":"Ante inicio del Tren Maya, buscan incentivar turismo entre Puebla y Playa del Carmen"},"content":{"rendered":"<p>Ante la puesta en marcha del\u00a0<strong>Tren Maya<\/strong>\u00a0en el Sur-Sureste del pa\u00eds, que ser\u00e1 en diciembre pr\u00f3ximo,<strong>\u00a0Laura Esther Beristain Navarrete,<\/strong>\u00a0embajadora de esa obra en Quintana Roo, dio a conocer que se busca incentivar el intercambio tur\u00edstico entre Puebla y el municipio de Solidaridad Playa del Carmen.<\/p>\n<div id=\"angul-e036326fadd329b7ea8a91c8ed41621a\" class=\"angul-e036326fadd329b7ea8a91c8ed41621a angul-contenido\"><\/div>\n<p>En entrevista con \u00c1ngulo 7,\u00a0<strong>la tambi\u00e9n regidora de Solidaridad,<\/strong>\u00a0coment\u00f3 que esta obra del gobierno federal impulsar\u00e1 el turismo en el sur del pa\u00eds y mejorar\u00e1 la movilidad, por lo que para hacer parte de este\u00a0<strong>impulso a Puebla<\/strong>\u00a0se buscar\u00e1 que haya m\u00e1s vuelos entre el aeropuerto Hermanos Serd\u00e1n y el internacional de Canc\u00fan, ya que estos destinos tienen contrastes que las hacen atractivas.<\/p>\n<p>Beristain Navarrete, quien vino a Puebla a respaldar a\u00a0<strong>Ignacio Mier Velazco<\/strong>, coordinador de Morena en la C\u00e1mara de Diputados, rumbo a la elecci\u00f3n de la candidatura de ese partido al gobierno estatal, destac\u00f3 que en\u00a0<strong>Puebla<\/strong>\u00a0hay arquitectura colonial e historia y es rica en gastronom\u00eda, mientras que<strong>\u00a0Playa del Carmen<\/strong>\u00a0tiene la magia del Caribe, por lo que el intercambio tur\u00edstico es una opci\u00f3n de desarrollo, el cual se detonar\u00e1 con el Tren Maya, confi\u00f3.<\/p>\n<h2>Proyectos deben velar por fauna y flora<\/h2>\n<p>Inform\u00f3 que ya trat\u00f3 este tema con Mier Velazco pues aunque hay vuelos Puebla-Canc\u00fan, Canc\u00fan-Puebla, con un hermanamiento esta relaci\u00f3n mejorar\u00e1. Asimismo, coincidi\u00f3 con \u00e9l en que obras como el Tren Maya\u00a0<strong>buscan beneficiar a pobladores de la regi\u00f3n<\/strong>, adem\u00e1s de ser una alternativa para la movilidad, por lo que las autoridades estatales\u00a0deben velar por el cuidado de la fauna y flora, al tiempo de reconocer que \u201cha habido dificultades\u201d, pero el progreso\u00a0<strong>\u201csiempre trae cambios\u201d.<\/strong><\/p>\n<p>Otra de las magnas obras del presidente\u00a0<strong>Andr\u00e9s Manuel L\u00f3pez Obrador<\/strong>\u00a0en Quintana Roo, destac\u00f3, es el aeropuerto Internacional de Tulum que tambi\u00e9n se inaugurar\u00e1 en diciembre es una alternativa para promover el turismo; en ese sentido, destac\u00f3 que la gesti\u00f3n del presidente dejar\u00e1 un sello por su trabajo.<\/p>\n<p>Sobre su respaldo a Mier Velazco para buscar la candidatura a la gubernatura en Puebla, destac\u00f3 que se trata de un hombre conciliador y llam\u00f3 a la\u00a0<strong>militancia<\/strong>\u00a0<strong>de Puebla<\/strong>\u00a0a la unidad de cara a las encuestas y campa\u00f1as, as\u00ed como a respetarse y continuar el proyecto iniciado por L\u00f3pez Obrador.<\/p>\n<p>Respecto a la asamblea del pasado domingo del\u00a0<strong>Comit\u00e9 Nacional de Morena<\/strong>\u00a0para\u00a0acordar el m\u00e9todo de selecci\u00f3n del candidato o candidata presidencial, se\u00f1al\u00f3 que tuvo buenos resultados, adem\u00e1s de que en M\u00e9xico es necesaria la presencia de pol\u00edticos que logren, respeten y cumplan acuerdos, por lo que incluso destac\u00f3 que se trat\u00f3 de una \u201clecci\u00f3n para los mexicanos\u201d.<\/p>\n","protected":false},"excerpt":{"rendered":"<p>Ante la puesta en marcha del\u00a0Tren Maya\u00a0en el Sur-Sureste del pa\u00eds, que ser\u00e1 en diciembre pr\u00f3ximo,\u00a0Laura Esther Beristain Navarrete,\u00a0embajadora de esa obra en Quintana Roo, dio a conocer que se&hellip;<\/p>\n","protected":false},"author":1,"featured_media":26609,"comment_status":"open","ping_status":"closed","sticky":false,"template":"","format":"standard","meta":{"footnotes":""},"categories":[4],"tags":[],"class_list":["post-26607","post","type-post","status-publish","format-standard","has-post-thumbnail","hentry","category-local"],"_links":{"self":[{"href":"https:\/\/radiogecko.com\/index.php?rest_route=\/wp\/v2\/posts\/26607","targetHints":{"allow":["GET"]}}],"collection":[{"href":"https:\/\/radiogecko.com\/index.php?rest_route=\/wp\/v2\/posts"}],"about":[{"href":"https:\/\/radiogecko.com\/index.php?rest_route=\/wp\/v2\/types\/post"}],"author":[{"embeddable":true,"href":"https:\/\/radiogecko.com\/index.php?rest_route=\/wp\/v2\/users\/1"}],"replies":[{"embeddable":true,"href":"https:\/\/radiogecko.com\/index.php?rest_route=%2Fwp%2Fv2%2Fcomments&post=26607"}],"version-history":[{"count":0,"href":"https:\/\/radiogecko.com\/index.php?rest_route=\/wp\/v2\/posts\/26607\/revisions"}],"wp:featuredmedia":[{"embeddable":true,"href":"https:\/\/radiogecko.com\/index.php?rest_route=\/wp\/v2\/media\/26609"}],"wp:attachment":[{"href":"https:\/\/radiogecko.com\/index.php?rest_route=%2Fwp%2Fv2%2Fmedia&parent=26607"}],"wp:term":[{"taxonomy":"category","embeddable":true,"href":"https:\/\/radiogecko.com\/index.php?rest_route=%2Fwp%2Fv2%2Fcategories&post=26607"},{"taxonomy":"post_tag","embeddable":true,"href":"https:\/\/radiogecko.com\/index.php?rest_route=%2Fwp%2Fv2%2Ftags&post=26607"}],"curies":[{"name":"wp","href":"https:\/\/api.w.org\/{rel}","templated":true}]}}