{"id":26610,"date":"2023-06-13T16:01:48","date_gmt":"2023-06-13T21:01:48","guid":{"rendered":"https:\/\/notidirectoplayadelcarmen.com\/?p=26610"},"modified":"2023-06-13T16:01:48","modified_gmt":"2023-06-13T21:01:48","slug":"rayados-entreno-con-todo-en-su-primera-sesion-en-la-riviera","status":"publish","type":"post","link":"https:\/\/radiogecko.com\/?p=26610","title":{"rendered":"Rayados entren\u00f3 con todo en su primera sesi\u00f3n en la Riviera."},"content":{"rendered":"<p>A\u00a0trabajar se ha dicho,\u00a0<strong>Rayados<\/strong>\u00a0comenz\u00f3 formalmente la pretemporada en playa en el complejo donde se instal\u00f3 en\u00a0<strong>Riviera Maya<\/strong>\u00a0y lo hizo meti\u00e9ndose de lleno a los trabajos con bal\u00f3n. Empez\u00f3 el jale.<\/p>\n<p>Los albiazules estuvieron desde temprano en una de las canchas de su hotel de concentraci\u00f3n haciendo ejercicios de activaci\u00f3n f\u00edsica y luego, jugando espacios reducidos, donde brillaron nombres como\u00a0<strong>Omar Govea<\/strong>\u00a0y\u00a0<strong>Germ\u00e1n Berterame<\/strong>.<\/p>\n<p>Adem\u00e1s de los estelares del plantel, en el grupo de la expedici\u00f3n hay nombres como Jonathan Gonz\u00e1lez o Daniel Parra que tienen contrato con la instituci\u00f3n y quiere ganarse un puesto con el Tano Ortiz, adem\u00e1s de juveniles.<\/p>\n<p>Rayados entrenar\u00e1 por la tarde en la segunda sesi\u00f3n del d\u00eda, ir\u00f3nicamente sin pisar la arena de la playa de Quintana Roo, siguiendo con las labores en c\u00e9sped, buscando afinar los primeros conceptos aprendidos del modelo de juego del DT argentino y sus colaboradores.<\/p>\n","protected":false},"excerpt":{"rendered":"<p>A\u00a0trabajar se ha dicho,\u00a0Rayados\u00a0comenz\u00f3 formalmente la pretemporada en playa en el complejo donde se instal\u00f3 en\u00a0Riviera Maya\u00a0y lo hizo meti\u00e9ndose de lleno a los trabajos con bal\u00f3n. Empez\u00f3 el jale.&hellip;<\/p>\n","protected":false},"author":1,"featured_media":26612,"comment_status":"open","ping_status":"closed","sticky":false,"template":"","format":"standard","meta":{"footnotes":""},"categories":[4],"tags":[],"class_list":["post-26610","post","type-post","status-publish","format-standard","has-post-thumbnail","hentry","category-local"],"_links":{"self":[{"href":"https:\/\/radiogecko.com\/index.php?rest_route=\/wp\/v2\/posts\/26610","targetHints":{"allow":["GET"]}}],"collection":[{"href":"https:\/\/radiogecko.com\/index.php?rest_route=\/wp\/v2\/posts"}],"about":[{"href":"https:\/\/radiogecko.com\/index.php?rest_route=\/wp\/v2\/types\/post"}],"author":[{"embeddable":true,"href":"https:\/\/radiogecko.com\/index.php?rest_route=\/wp\/v2\/users\/1"}],"replies":[{"embeddable":true,"href":"https:\/\/radiogecko.com\/index.php?rest_route=%2Fwp%2Fv2%2Fcomments&post=26610"}],"version-history":[{"count":0,"href":"https:\/\/radiogecko.com\/index.php?rest_route=\/wp\/v2\/posts\/26610\/revisions"}],"wp:featuredmedia":[{"embeddable":true,"href":"https:\/\/radiogecko.com\/index.php?rest_route=\/wp\/v2\/media\/26612"}],"wp:attachment":[{"href":"https:\/\/radiogecko.com\/index.php?rest_route=%2Fwp%2Fv2%2Fmedia&parent=26610"}],"wp:term":[{"taxonomy":"category","embeddable":true,"href":"https:\/\/radiogecko.com\/index.php?rest_route=%2Fwp%2Fv2%2Fcategories&post=26610"},{"taxonomy":"post_tag","embeddable":true,"href":"https:\/\/radiogecko.com\/index.php?rest_route=%2Fwp%2Fv2%2Ftags&post=26610"}],"curies":[{"name":"wp","href":"https:\/\/api.w.org\/{rel}","templated":true}]}}