{"id":26852,"date":"2023-06-20T16:06:19","date_gmt":"2023-06-20T21:06:19","guid":{"rendered":"https:\/\/notidirectoplayadelcarmen.com\/?p=26852"},"modified":"2023-06-20T16:06:19","modified_gmt":"2023-06-20T21:06:19","slug":"en-playa-del-carmen-se-dignifica-a-refugiados","status":"publish","type":"post","link":"https:\/\/radiogecko.com\/?p=26852","title":{"rendered":"En Playa del Carmen se dignifica a refugiados"},"content":{"rendered":"<p class=\"ql-align-justify\">En conmemoraci\u00f3n del \u201cD\u00eda Mundial del Refugiado\u201d, que son las personas que viven en condici\u00f3n de refugiados, desplazados y a la espera de asilo en nuestro pa\u00eds, debido a los conflictos armados, de violencia y persecuci\u00f3n, el gobierno municipal de Solidaridad encabezado por Lili Campos, a trav\u00e9s de la Unidad de Atenci\u00f3n al Migrante, ha ayudado y visibilizado a tres mil 800 personas de diversas nacionalidades.<\/p>\n<p class=\"ql-align-justify\">La directora de la Unidad de Atenci\u00f3n al Migrante Leticia Chaverri detall\u00f3 que, la direcci\u00f3n es una oficina \u00fanica en el pa\u00eds, y en la administraci\u00f3n ha atendido a tres mil 900 personas, en la obtenci\u00f3n de documentos de identidad y permisos migratorios, a quienes re\u00fanen los requisitos de tener m\u00e1s de dos a\u00f1os viviendo en el municipio, tener v\u00ednculos mexicanos o tener hijos mexicanos.<\/p>\n<p class=\"ql-align-justify\">Adem\u00e1s, abund\u00f3 que del total de personas atendidas, 908 corresponden a refugiados, una vez que COMAR (Comisi\u00f3n Mexicana de Ayuda a Refugiados) considera que son elegibles. De esta condici\u00f3n migratoria se atendieron a personas originarias de Argentina, Brasil, Belice, Ecuador, Colombia, Cuba, Chile, Hait\u00ed, Uruguay, El Salvador, Guatemala, Honduras, Nicaragua, Per\u00fa, Rusia, Ucrania y Venezuela.<\/p>\n<p class=\"ql-align-justify\">Por \u00faltimo, la directora de la Unidad dijo que, Solidaridad cuenta con 30 mil habitantes extranjeros, con 102 nacionalidades provenientes de todos los continentes, lo que nos hace en una de las ciudades m\u00e1s cosmopolitas del mundo, con el 10% de poblaci\u00f3n extranjera documentada, casi compitiendo con Nueva York, que tiene 14%.<\/p>\n","protected":false},"excerpt":{"rendered":"<p>En conmemoraci\u00f3n del \u201cD\u00eda Mundial del Refugiado\u201d, que son las personas que viven en condici\u00f3n de refugiados, desplazados y a la espera de asilo en nuestro pa\u00eds, debido a los&hellip;<\/p>\n","protected":false},"author":1,"featured_media":26854,"comment_status":"open","ping_status":"closed","sticky":false,"template":"","format":"standard","meta":{"footnotes":""},"categories":[4],"tags":[],"class_list":["post-26852","post","type-post","status-publish","format-standard","has-post-thumbnail","hentry","category-local"],"_links":{"self":[{"href":"https:\/\/radiogecko.com\/index.php?rest_route=\/wp\/v2\/posts\/26852","targetHints":{"allow":["GET"]}}],"collection":[{"href":"https:\/\/radiogecko.com\/index.php?rest_route=\/wp\/v2\/posts"}],"about":[{"href":"https:\/\/radiogecko.com\/index.php?rest_route=\/wp\/v2\/types\/post"}],"author":[{"embeddable":true,"href":"https:\/\/radiogecko.com\/index.php?rest_route=\/wp\/v2\/users\/1"}],"replies":[{"embeddable":true,"href":"https:\/\/radiogecko.com\/index.php?rest_route=%2Fwp%2Fv2%2Fcomments&post=26852"}],"version-history":[{"count":0,"href":"https:\/\/radiogecko.com\/index.php?rest_route=\/wp\/v2\/posts\/26852\/revisions"}],"wp:featuredmedia":[{"embeddable":true,"href":"https:\/\/radiogecko.com\/index.php?rest_route=\/wp\/v2\/media\/26854"}],"wp:attachment":[{"href":"https:\/\/radiogecko.com\/index.php?rest_route=%2Fwp%2Fv2%2Fmedia&parent=26852"}],"wp:term":[{"taxonomy":"category","embeddable":true,"href":"https:\/\/radiogecko.com\/index.php?rest_route=%2Fwp%2Fv2%2Fcategories&post=26852"},{"taxonomy":"post_tag","embeddable":true,"href":"https:\/\/radiogecko.com\/index.php?rest_route=%2Fwp%2Fv2%2Ftags&post=26852"}],"curies":[{"name":"wp","href":"https:\/\/api.w.org\/{rel}","templated":true}]}}