{"id":26891,"date":"2023-06-21T16:50:36","date_gmt":"2023-06-21T21:50:36","guid":{"rendered":"https:\/\/notidirectoplayadelcarmen.com\/?p=26891"},"modified":"2023-06-21T16:50:36","modified_gmt":"2023-06-21T21:50:36","slug":"el-antro-mas-grande-lgbtiq-estara-en-playa-del-carmen-farath-coronel","status":"publish","type":"post","link":"https:\/\/radiogecko.com\/?p=26891","title":{"rendered":"El antro m\u00e1s grande LGBTIQ+ estar\u00e1 en Playa del Carmen: Farath Coronel"},"content":{"rendered":"<div>\n<div class=\"row m-b-15\">\n<div class=\"col-xs-12 col-sm-12 col-md-12 col-lg-12\">\n<h4 class=\"introduction\" style=\"text-align: center;\">La inauguraci\u00f3n de \u201cLa Diabla\u201d tendr\u00e1 una celebraci\u00f3n que durar\u00e1 cuatro d\u00edas consecutivos.<\/h4>\n<\/div>\n<\/div>\n<\/div>\n<div class=\"row m-b-25\">\n<div class=\"col-xs-12 col-sm-12 col-md-12 col-lg-12 info-extra-new\">\n<p><strong>Farath Coronel<\/strong>, conocido como\u00a0<em>\u00abLa Diabla Coronel\u00bb<\/em>\u00a0anunci\u00f3 en sus redes sociales la apertura de su nuevo club nocturno en Playa del Carmen dedicado a la\u00a0<strong>comunidad LGBTIQ+<\/strong>.<\/p>\n<p>El antro llamado \u201c<em><strong>La Diabla<\/strong><\/em>\u201d estar\u00e1 ubicado en la Quinta Avenida, la calle m\u00e1s popular del municipio de Solidaridad, adem\u00e1s de ser uno de los destinos tur\u00edsticos m\u00e1s top de la Riviera Maya.<\/p>\n<p>El centro nocturno abrir\u00e1 sus puertas en medio de las celebraciones del\u00a0<strong>Pride\u00a0<\/strong>en M\u00e9xico y justo el fin de semana en que se\u00a0<strong>conmemora el Orgullo Gay<\/strong>.<\/p>\n<h2>Qu\u00e9 es \u00abLa Diabla\u00bb<\/h2>\n<p><em><cite>\u201cSer\u00e1 un antro bar que llega para hacer las noches de Playa Carmen, \u00fanicas e inolvidables, con una alta dosis de infierno, diversi\u00f3n y lujuria\u201d.<\/cite><\/em><\/p>\n<p><em><cite>\u201cLas llamas del inframundo para hacer de \u2018La Diabla\u2019 un lugar candente que jam\u00e1s se apagar\u00e1\u201d<\/cite><\/em>, explic\u00f3 el propietario, Farath Coronel, en un comunicado.<\/p>\n<p>\u2018La Diabla\u2019 tiene una capacidad para 1800 personas, cuenta con dos ambientes, el primero en planta baja, m\u00e1s oscuro que te da la\u00a0<em>\u201cbienvenida al infierno\u201d\u00a0<\/em>y el segundo es en el primer piso; donde se presentar\u00e1n shows en vivo de gogos, imitadores, dragas y hombres en llamas.<\/p>\n<p>En cuanto a la publicidad del evento, la inauguraci\u00f3n del\u00a0<strong>antro m\u00e1s grande LGBTIQ+<\/strong>\u00a0tendr\u00e1 una duraci\u00f3n de cuatro d\u00edas. Iniciando a partir del viernes 23 y finalizando el pr\u00f3ximo el lunes 26 de junio.<\/p>\n<h2>Aqu\u00ed puedes consultar el Itinerario de \u201cLa Diabla\u201d<\/h2>\n<p>&#8211; Viernes 23: gala de preapertura abierta al p\u00fablico.<br \/>\n&#8211; S\u00e1bado 24: gran apertura con alfombra roja.<br \/>\n&#8211; Domingo 25: celebraci\u00f3n y fiesta.<br \/>\n&#8211; Lunes 26: cierre de \u00abLa Diabla\u00bb.<br \/>\nApertura de \u2018La Diabla\u2019 con celebridades e influencers<\/p>\n<p>Farath Coronel comparti\u00f3 la lista de las personalidades que lo acompa\u00f1ar\u00e1n en la apertura del antro m\u00e1s grande LGBTIQ+<\/p>\n<p>A continuaci\u00f3n te dejamos con la lista de las celebridades e influencers:<\/p>\n<div id=\"div-gpt-ad-inread-3-64930f9e12889100154ab5f1\" data-name=\"inread\" data-size=\"[[336,250], [300,250]]\" data-google-query-id=\"CLWridyr1f8CFWQqswAdSmwP5A\">\n<div id=\"google_ads_iframe_\/4334274\/inread_2__container__\"><\/div>\n<\/div>\n<p>&#8211;\u00a0<strong>AimeP3<\/strong><br \/>\n&#8211; Dulce Gipsy<br \/>\n&#8211; Gus Ciudad Cumbia<br \/>\n&#8211;\u00a0<strong>Medio Metro<\/strong><strong><br \/>\n<\/strong>&#8211; Pinky Me<br \/>\n&#8211; Paris Elegance<br \/>\n&#8211; Maite Lometo<br \/>\n&#8211; Goodboy<br \/>\n&#8211; Mith Lagunes<br \/>\n&#8211; Charlotte Lascurain.<\/p>\n<\/div>\n<\/div>\n","protected":false},"excerpt":{"rendered":"<p>La inauguraci\u00f3n de \u201cLa Diabla\u201d tendr\u00e1 una celebraci\u00f3n que durar\u00e1 cuatro d\u00edas consecutivos. Farath Coronel, conocido como\u00a0\u00abLa Diabla Coronel\u00bb\u00a0anunci\u00f3 en sus redes sociales la apertura de su nuevo club nocturno&hellip;<\/p>\n","protected":false},"author":1,"featured_media":26893,"comment_status":"open","ping_status":"closed","sticky":false,"template":"","format":"standard","meta":{"footnotes":""},"categories":[4],"tags":[],"class_list":["post-26891","post","type-post","status-publish","format-standard","has-post-thumbnail","hentry","category-local"],"_links":{"self":[{"href":"https:\/\/radiogecko.com\/index.php?rest_route=\/wp\/v2\/posts\/26891","targetHints":{"allow":["GET"]}}],"collection":[{"href":"https:\/\/radiogecko.com\/index.php?rest_route=\/wp\/v2\/posts"}],"about":[{"href":"https:\/\/radiogecko.com\/index.php?rest_route=\/wp\/v2\/types\/post"}],"author":[{"embeddable":true,"href":"https:\/\/radiogecko.com\/index.php?rest_route=\/wp\/v2\/users\/1"}],"replies":[{"embeddable":true,"href":"https:\/\/radiogecko.com\/index.php?rest_route=%2Fwp%2Fv2%2Fcomments&post=26891"}],"version-history":[{"count":0,"href":"https:\/\/radiogecko.com\/index.php?rest_route=\/wp\/v2\/posts\/26891\/revisions"}],"wp:featuredmedia":[{"embeddable":true,"href":"https:\/\/radiogecko.com\/index.php?rest_route=\/wp\/v2\/media\/26893"}],"wp:attachment":[{"href":"https:\/\/radiogecko.com\/index.php?rest_route=%2Fwp%2Fv2%2Fmedia&parent=26891"}],"wp:term":[{"taxonomy":"category","embeddable":true,"href":"https:\/\/radiogecko.com\/index.php?rest_route=%2Fwp%2Fv2%2Fcategories&post=26891"},{"taxonomy":"post_tag","embeddable":true,"href":"https:\/\/radiogecko.com\/index.php?rest_route=%2Fwp%2Fv2%2Ftags&post=26891"}],"curies":[{"name":"wp","href":"https:\/\/api.w.org\/{rel}","templated":true}]}}