{"id":26894,"date":"2023-06-21T16:51:47","date_gmt":"2023-06-21T21:51:47","guid":{"rendered":"https:\/\/notidirectoplayadelcarmen.com\/?p=26894"},"modified":"2023-06-21T16:51:47","modified_gmt":"2023-06-21T21:51:47","slug":"exigiran-a-empresa-de-parquimetros-que-cumpla-con-cajones-para-personas-con-discapacidad-en-playa-del-carmen","status":"publish","type":"post","link":"https:\/\/radiogecko.com\/?p=26894","title":{"rendered":"Exigir\u00e1n a empresa de parqu\u00edmetros que cumpla con cajones para personas con discapacidad en Playa del Carmen"},"content":{"rendered":"<p>Dado que no cuentan ni con el m\u00ednimo de cajas de estacionamiento para personas con discapacidad, la empresa de parqu\u00edmetros, PlayaParq, tendr\u00e1 pronto el requerimiento para que habilite estos espacios en esta ciudad.<\/p>\n<div dir=\"auto\">En entrevista, Adri\u00e1n P\u00e9rez Vera, s\u00edndico municipal de Solidaridad, inform\u00f3 que la empresa en cuesti\u00f3n actualmente no le cobra el parqu\u00edmetro a las personas con discapacidad, aunque consider\u00f3 que esta medida no es suficiente, pues lo importante es que los usuarios en esta condici\u00f3n encuentren espacios vac\u00edos cerca de sus puntos de llegada.<\/p>\n<div dir=\"auto\">\u201cEs que si yo soy una persona con discapacidad, de nada me sirve no pagar el parqu\u00edmetro, si el espacio que encuentro vac\u00edo est\u00e1 a cuatro cuadras de mi destino. Aqu\u00ed lo que debiera privilegiarse es la cercan\u00eda con el punto\u201d, resalt\u00f3.<\/div>\n<div dir=\"auto\"><\/div>\n<div dir=\"auto\">En ese tenor, el s\u00edndico municipal calific\u00f3 a esta empresa de ser \u201cpoco incluyente\u201d al no tomar en cuenta este detalle importante.<\/div>\n<div dir=\"auto\"><\/div>\n<div dir=\"auto\">Asimismo, dijo que este tema ser\u00e1 abordado en pr\u00f3ximos d\u00edas, durante una sesi\u00f3n de la Comisi\u00f3n de Movilidad, en donde los integrantes de este cuerpo colegiado esperan conformar una propuesta que ser\u00e1 enviada a la empresa citada.<\/div>\n<\/div>\n","protected":false},"excerpt":{"rendered":"<p>Dado que no cuentan ni con el m\u00ednimo de cajas de estacionamiento para personas con discapacidad, la empresa de parqu\u00edmetros, PlayaParq, tendr\u00e1 pronto el requerimiento para que habilite estos espacios&hellip;<\/p>\n","protected":false},"author":1,"featured_media":26896,"comment_status":"open","ping_status":"closed","sticky":false,"template":"","format":"standard","meta":{"footnotes":""},"categories":[4],"tags":[],"class_list":["post-26894","post","type-post","status-publish","format-standard","has-post-thumbnail","hentry","category-local"],"_links":{"self":[{"href":"https:\/\/radiogecko.com\/index.php?rest_route=\/wp\/v2\/posts\/26894","targetHints":{"allow":["GET"]}}],"collection":[{"href":"https:\/\/radiogecko.com\/index.php?rest_route=\/wp\/v2\/posts"}],"about":[{"href":"https:\/\/radiogecko.com\/index.php?rest_route=\/wp\/v2\/types\/post"}],"author":[{"embeddable":true,"href":"https:\/\/radiogecko.com\/index.php?rest_route=\/wp\/v2\/users\/1"}],"replies":[{"embeddable":true,"href":"https:\/\/radiogecko.com\/index.php?rest_route=%2Fwp%2Fv2%2Fcomments&post=26894"}],"version-history":[{"count":0,"href":"https:\/\/radiogecko.com\/index.php?rest_route=\/wp\/v2\/posts\/26894\/revisions"}],"wp:featuredmedia":[{"embeddable":true,"href":"https:\/\/radiogecko.com\/index.php?rest_route=\/wp\/v2\/media\/26896"}],"wp:attachment":[{"href":"https:\/\/radiogecko.com\/index.php?rest_route=%2Fwp%2Fv2%2Fmedia&parent=26894"}],"wp:term":[{"taxonomy":"category","embeddable":true,"href":"https:\/\/radiogecko.com\/index.php?rest_route=%2Fwp%2Fv2%2Fcategories&post=26894"},{"taxonomy":"post_tag","embeddable":true,"href":"https:\/\/radiogecko.com\/index.php?rest_route=%2Fwp%2Fv2%2Ftags&post=26894"}],"curies":[{"name":"wp","href":"https:\/\/api.w.org\/{rel}","templated":true}]}}