{"id":26933,"date":"2023-06-22T19:24:42","date_gmt":"2023-06-23T00:24:42","guid":{"rendered":"https:\/\/notidirectoplayadelcarmen.com\/?p=26933"},"modified":"2023-06-22T19:24:42","modified_gmt":"2023-06-23T00:24:42","slug":"atienden-primer-caso-por-golpe-calor-en-playa-del-carmen","status":"publish","type":"post","link":"https:\/\/radiogecko.com\/?p=26933","title":{"rendered":"Atienden primer caso por golpe calor en Playa del Carmen"},"content":{"rendered":"<div>\n<div class=\"row m-b-15\">\n<div class=\"col-xs-12 col-sm-12 col-md-12 col-lg-12\">\n<h4 class=\"introduction\" style=\"text-align: center;\">La persona de la tercera edad se recupera en el Hospital General del municipio de Solidaridad.<\/h4>\n<\/div>\n<\/div>\n<\/div>\n<div class=\"row m-b-25\">\n<div class=\"col-xs-12 col-sm-12 col-md-12 col-lg-12 info-extra-new\">\n<p>Aunque en Solidaridad se han registrado<strong>\u00a0temperaturas por arriba de los 36 grados cent\u00edgrados<\/strong>, hasta ahora s\u00f3lo una persona con s\u00edntomas de golpe de calor ha llegado al Hospital General de Playa del Carmen para su atenci\u00f3n.<\/p>\n<p>Francisco Granados Navas, director del Hospital General de Playa del Carmen, coment\u00f3 que<strong>\u00a0se trat\u00f3 de una persona de la tercera edad<\/strong>\u00a0que lleg\u00f3 con s\u00edntomas de golpe de calor por problemas renales.<\/p>\n<blockquote><p><cite><em>\u201cSe present\u00f3 un paciente con el diagn\u00f3stico de golpe de calor, m\u00e1s otros antecedentes (&#8230;) una persona mayor que se sospecha que la causa que condicion\u00f3 una insuficiencia renal aguda se sospecha que fue un golpe de calor\u201d<\/em><\/cite>, expres\u00f3.<\/p><\/blockquote>\n<div id=\"div-gpt-ad-inread-6494b32512889100154ab6c4\" data-name=\"inread\" data-size=\"[[336,250], [300,250]]\" data-google-query-id=\"CJy_p4-Q2P8CFdDu4wcdW_EI8g\">\n<div id=\"google_ads_iframe_\/4334274\/inread_0__container__\"><\/div>\n<\/div>\n<p>El paciente contin\u00faa recuper\u00e1ndose en las instalaciones del nosocomio, donde el personal de salud ha puesto empe\u00f1o en su vuelta a la salud.<\/p>\n<blockquote><p><cite><em>\u201cYa est\u00e1 por irse a casa. Tuvo unas sesiones de hemodi\u00e1lisis, pero ya est\u00e1 por irse a casa\u201d<\/em><\/cite>, apunt\u00f3.<\/p><\/blockquote>\n<h2>Recomendaciones<\/h2>\n<p>Pidi\u00f3 a la poblaci\u00f3n<strong>\u00a0extremar mucho cuidado por estas temperaturas<\/strong>\u00a0con hidrataci\u00f3n con agua y no gaseosas, refrescos o bebidas alcoh\u00f3licas.<\/p>\n<p>Las sensaciones t\u00e9rmicas en el municipio de Solidaridad en los \u00faltimos seis d\u00edas han sobrepasado los 45 grados cent\u00edgrados.<\/p>\n<blockquote>\n<div id=\"div-gpt-ad-inread-2-6494b32512889100154ab6c4\" data-name=\"inread\" data-size=\"[[336,250], [300,250]]\" data-google-query-id=\"CNSCqI-Q2P8CFcsVswAdYWEFLQ\">\n<div id=\"google_ads_iframe_\/4334274\/inread_1__container__\"><\/div>\n<\/div>\n<p><cite><em>\u201cMantenerse bien hidratado, usar ropa de color blanco; no negras para que no absorba el calor. Usar gorras, sombreros, protectores solares y que est\u00e9n bien hidratados y que tengan agua en termos, de preferencia agua que traigan de casa, no con bebidas alcoh\u00f3licas, con sueros de rehidrataci\u00f3n oral o agua simple\u201d<\/em><\/cite>, recomend\u00f3.<\/p><\/blockquote>\n<p>Prev\u00e9n en los siguientes d\u00edas comenzar a repartir sueros preparados a base de Vida Suero Oral, entre las personas que se quedan a esperar en la parte exterior a sus familiares hospitalizados.<\/p>\n<blockquote><p><cite><em>\u201cAhorita en estas altas temperaturas hay que cuidar mucho a los ni\u00f1os y hacer lo menos posible actividades al aire libre. Tratar de no comer alimentos fuera de casa, entiendo que hay personas que trabajan afuera, hay que cuidar que no se echen a perder, porque es precisamente lo que trae enfermedades gastrointestinales\u201d<\/em><\/cite>, recomend\u00f3 el director del Hospital General.<\/p><\/blockquote>\n<\/div>\n<\/div>\n","protected":false},"excerpt":{"rendered":"<p>La persona de la tercera edad se recupera en el Hospital General del municipio de Solidaridad. Aunque en Solidaridad se han registrado\u00a0temperaturas por arriba de los 36 grados cent\u00edgrados, hasta&hellip;<\/p>\n","protected":false},"author":1,"featured_media":26935,"comment_status":"open","ping_status":"closed","sticky":false,"template":"","format":"standard","meta":{"footnotes":""},"categories":[4],"tags":[],"class_list":["post-26933","post","type-post","status-publish","format-standard","has-post-thumbnail","hentry","category-local"],"_links":{"self":[{"href":"https:\/\/radiogecko.com\/index.php?rest_route=\/wp\/v2\/posts\/26933","targetHints":{"allow":["GET"]}}],"collection":[{"href":"https:\/\/radiogecko.com\/index.php?rest_route=\/wp\/v2\/posts"}],"about":[{"href":"https:\/\/radiogecko.com\/index.php?rest_route=\/wp\/v2\/types\/post"}],"author":[{"embeddable":true,"href":"https:\/\/radiogecko.com\/index.php?rest_route=\/wp\/v2\/users\/1"}],"replies":[{"embeddable":true,"href":"https:\/\/radiogecko.com\/index.php?rest_route=%2Fwp%2Fv2%2Fcomments&post=26933"}],"version-history":[{"count":0,"href":"https:\/\/radiogecko.com\/index.php?rest_route=\/wp\/v2\/posts\/26933\/revisions"}],"wp:featuredmedia":[{"embeddable":true,"href":"https:\/\/radiogecko.com\/index.php?rest_route=\/wp\/v2\/media\/26935"}],"wp:attachment":[{"href":"https:\/\/radiogecko.com\/index.php?rest_route=%2Fwp%2Fv2%2Fmedia&parent=26933"}],"wp:term":[{"taxonomy":"category","embeddable":true,"href":"https:\/\/radiogecko.com\/index.php?rest_route=%2Fwp%2Fv2%2Fcategories&post=26933"},{"taxonomy":"post_tag","embeddable":true,"href":"https:\/\/radiogecko.com\/index.php?rest_route=%2Fwp%2Fv2%2Ftags&post=26933"}],"curies":[{"name":"wp","href":"https:\/\/api.w.org\/{rel}","templated":true}]}}