{"id":26936,"date":"2023-06-22T19:27:13","date_gmt":"2023-06-23T00:27:13","guid":{"rendered":"https:\/\/notidirectoplayadelcarmen.com\/?p=26936"},"modified":"2023-06-22T19:27:13","modified_gmt":"2023-06-23T00:27:13","slug":"construyendo-alianzas-en-el-sur-de-quintana-roo-reunira-a-mas-de-80-empresas","status":"publish","type":"post","link":"https:\/\/radiogecko.com\/?p=26936","title":{"rendered":"&#039;Construyendo Alianzas en el Sur de Quintana Roo&#039; reunir\u00e1 a m\u00e1s de 80 empresas"},"content":{"rendered":"<div class=\"row m-b-15\">\n<div class=\"col-xs-12 col-sm-12 col-md-12 col-lg-12\">\n<div>\n<div class=\"row m-b-15\">\n<div class=\"col-xs-12 col-sm-12 col-md-12 col-lg-12\">\n<h4 class=\"introduction\" style=\"text-align: center;\">El primer encuentro se llevar\u00e1 a cabo en el auditorio de la Canaco Servytur Chetumal-Tulum.<\/h4>\n<\/div>\n<\/div>\n<\/div>\n<div class=\"row m-b-25\">\n<div class=\"col-xs-12 col-sm-12 col-md-12 col-lg-12 info-extra-new\">\n<p>La\u00a0<strong>C\u00e1mara Nacional de Comercio, Servicios y Turismo<\/strong>\u00a0(Canaco Servytur) Chetumal-Tulum realizar\u00e1 el primer encuentro \u201cConstruyendo Alianzas en el Sur de Quintana Roo\u201d en la que se reunir\u00e1n m\u00e1s de\u00a0<strong>80 empresas tur\u00edsticas<\/strong>\u00a0de los municipios de Oth\u00f3n P. Blanco, Bacalar, Felipe Carrillo Puerto y Jos\u00e9 Mar\u00eda Morelos, el pr\u00f3ximo 27 de junio.<\/p>\n<p>En conferencia de prensa, Amir Padilla Espadas, presidente de la Canaco Servytur Chetumal-Tulum, inform\u00f3 que el objetivo congregar a todos los prestadores de servicios tur\u00edsticos afiliados a la c\u00e1mara y se logren armar paquetes tur\u00edsticos que incluyan varias actividades y destinos tur\u00edsticos en\u00a0<strong>Chetumal, Mahahual, Javier Rojo G\u00f3mez, Nicol\u00e1s Bravo, Bacalar, Felipe Carrillo Puerto y Jos\u00e9 Mar\u00eda Morelos.<\/strong><\/p>\n<p>Asimismo, se indic\u00f3 que la finalidad es ampliar la oferta tur\u00edstica a los hu\u00e9spedes que arriban al sur del estado y ampliar el porcentaje de estancia en todos los destinos tur\u00edsticos del sur de la entidad.<\/p>\n<div id=\"div-gpt-ad-inread-6494da0e12889100154ab6e8\" data-name=\"inread\" data-size=\"[[336,250], [300,250]]\" data-google-query-id=\"CIS_4NGQ2P8CFZSh0QQdS9MA2w\">\n<div id=\"google_ads_iframe_\/4334274\/inread_0__container__\"><\/div>\n<\/div>\n<p>Rosana Ayala, vicepresidenta\u00a0<strong>Turismo de la Canaco Servytur Chetumal-Tulum<\/strong>, expres\u00f3 que, en muchas ocasiones, los prestadores de servicios tur\u00edsticos de estos municipios no se conocen y el objetivo es afianzar las relaciones y estrategias en materia de turismo.<\/p>\n<blockquote><p>\u201cYa tenemos confirmadas 80 empresas de servicios tur\u00edsticos y esperamos que en el transcurso de esta semana se sumen muchas m\u00e1s y desde luego que todos los prestadores de servicios tur\u00edsticos est\u00e1n cordialmente invitados\u201d.<\/p><\/blockquote>\n<h2><strong>Primer encuentro en Canaco Servytur<\/strong><\/h2>\n<p>Se inform\u00f3 que la sede del primer encuentro \u201cConstruyendo Alianzas en el Sur de Quintana Roo\u201d ser\u00e1 el auditorio de la\u00a0<strong>Canaco Servytur Chetumal-Tulum, el 27 de junio<\/strong>\u00a0de este a\u00f1o, a partir de las 9:00 de la ma\u00f1ana a 5:00 de la tarde.<\/p>\n<p>Con la alianza de los prestadores de servicios tur\u00edsticos del sur del estado se pretende armar paquetes que vendan estos destinos y el turismo se quede en la zona sur entre tres a cinco d\u00edas, lo que obviamente repercutir\u00e1 de manera positiva en la derrama econ\u00f3mica.<\/p>\n<section id=\"limit-stiky-6494da0e12889100154ab6e8\" class=\"row\">\n<div class=\"col-xs-112 col-sm-10 col-md-10 col-lg-10\">\n<div class=\"row content-news-data-6494da0e12889100154ab6e8\">\n<div class=\"col-xs-12 col-sm-12 col-md-12 col-lg-12 cuerpo-nota\">\n<p>A\u00f1adieron que el sur del estado cuenta con destinos tur\u00edsticos de inigualable belleza, tanto de sol y playa, as\u00ed como de naturaleza y paisajismo, a lo que se suman las zonas arqueol\u00f3gicas.<\/p>\n<\/div>\n<\/div>\n<\/div>\n<\/section>\n<section class=\"row\">\n<div class=\"col-xs-4 col-sm-14 col-md-4 col-lg-4\">\n<div class=\"btn-seguinos-gnews\"><\/div>\n<\/div>\n<\/section>\n<\/div>\n<\/div>\n<\/div>\n<\/div>\n","protected":false},"excerpt":{"rendered":"<p>El primer encuentro se llevar\u00e1 a cabo en el auditorio de la Canaco Servytur Chetumal-Tulum. La\u00a0C\u00e1mara Nacional de Comercio, Servicios y Turismo\u00a0(Canaco Servytur) Chetumal-Tulum realizar\u00e1 el primer encuentro \u201cConstruyendo Alianzas&hellip;<\/p>\n","protected":false},"author":1,"featured_media":26938,"comment_status":"open","ping_status":"closed","sticky":false,"template":"","format":"standard","meta":{"footnotes":""},"categories":[4],"tags":[],"class_list":["post-26936","post","type-post","status-publish","format-standard","has-post-thumbnail","hentry","category-local"],"_links":{"self":[{"href":"https:\/\/radiogecko.com\/index.php?rest_route=\/wp\/v2\/posts\/26936","targetHints":{"allow":["GET"]}}],"collection":[{"href":"https:\/\/radiogecko.com\/index.php?rest_route=\/wp\/v2\/posts"}],"about":[{"href":"https:\/\/radiogecko.com\/index.php?rest_route=\/wp\/v2\/types\/post"}],"author":[{"embeddable":true,"href":"https:\/\/radiogecko.com\/index.php?rest_route=\/wp\/v2\/users\/1"}],"replies":[{"embeddable":true,"href":"https:\/\/radiogecko.com\/index.php?rest_route=%2Fwp%2Fv2%2Fcomments&post=26936"}],"version-history":[{"count":0,"href":"https:\/\/radiogecko.com\/index.php?rest_route=\/wp\/v2\/posts\/26936\/revisions"}],"wp:featuredmedia":[{"embeddable":true,"href":"https:\/\/radiogecko.com\/index.php?rest_route=\/wp\/v2\/media\/26938"}],"wp:attachment":[{"href":"https:\/\/radiogecko.com\/index.php?rest_route=%2Fwp%2Fv2%2Fmedia&parent=26936"}],"wp:term":[{"taxonomy":"category","embeddable":true,"href":"https:\/\/radiogecko.com\/index.php?rest_route=%2Fwp%2Fv2%2Fcategories&post=26936"},{"taxonomy":"post_tag","embeddable":true,"href":"https:\/\/radiogecko.com\/index.php?rest_route=%2Fwp%2Fv2%2Ftags&post=26936"}],"curies":[{"name":"wp","href":"https:\/\/api.w.org\/{rel}","templated":true}]}}