{"id":26974,"date":"2023-06-23T15:00:58","date_gmt":"2023-06-23T20:00:58","guid":{"rendered":"https:\/\/notidirectoplayadelcarmen.com\/?p=26974"},"modified":"2023-06-23T15:00:58","modified_gmt":"2023-06-23T20:00:58","slug":"tragedia-en-el-corazon-de-penelope-menchaca-devastadora-noticia-sobre-la-muerte-de-su-padre-a-los-77-anos-no-podras-contener-las-lagrimas-al-leer-esto","status":"publish","type":"post","link":"https:\/\/radiogecko.com\/?p=26974","title":{"rendered":"&quot;\u00a1Tragedia en el coraz\u00f3n de Pen\u00e9lope Menchaca! Devastadora noticia sobre la muerte de su padre a los 77 a\u00f1os. No podr\u00e1s contener las l\u00e1grimas al leer esto&#8230;&quot;"},"content":{"rendered":"<p><span class=\"video-details__dek-description\">Juan Menchaca, pap\u00e1 de nuestra conductora, era originario de Torre\u00f3n, Coahuila, y estuvo 58 a\u00f1os casado con Dolores Menchaca. Le sobreviven sus ocho hijos. \u00abUn abrazo extendido para toda la familia\u00bb, fue parte del mensaje de sus compa\u00f1eros.<\/span><\/p>\n","protected":false},"excerpt":{"rendered":"<p>Juan Menchaca, pap\u00e1 de nuestra conductora, era originario de Torre\u00f3n, Coahuila, y estuvo 58 a\u00f1os casado con Dolores Menchaca. Le sobreviven sus ocho hijos. \u00abUn abrazo extendido para toda la&hellip;<\/p>\n","protected":false},"author":1,"featured_media":26976,"comment_status":"open","ping_status":"closed","sticky":false,"template":"","format":"standard","meta":{"footnotes":""},"categories":[3],"tags":[],"class_list":["post-26974","post","type-post","status-publish","format-standard","has-post-thumbnail","hentry","category-espectaculos"],"_links":{"self":[{"href":"https:\/\/radiogecko.com\/index.php?rest_route=\/wp\/v2\/posts\/26974","targetHints":{"allow":["GET"]}}],"collection":[{"href":"https:\/\/radiogecko.com\/index.php?rest_route=\/wp\/v2\/posts"}],"about":[{"href":"https:\/\/radiogecko.com\/index.php?rest_route=\/wp\/v2\/types\/post"}],"author":[{"embeddable":true,"href":"https:\/\/radiogecko.com\/index.php?rest_route=\/wp\/v2\/users\/1"}],"replies":[{"embeddable":true,"href":"https:\/\/radiogecko.com\/index.php?rest_route=%2Fwp%2Fv2%2Fcomments&post=26974"}],"version-history":[{"count":0,"href":"https:\/\/radiogecko.com\/index.php?rest_route=\/wp\/v2\/posts\/26974\/revisions"}],"wp:featuredmedia":[{"embeddable":true,"href":"https:\/\/radiogecko.com\/index.php?rest_route=\/wp\/v2\/media\/26976"}],"wp:attachment":[{"href":"https:\/\/radiogecko.com\/index.php?rest_route=%2Fwp%2Fv2%2Fmedia&parent=26974"}],"wp:term":[{"taxonomy":"category","embeddable":true,"href":"https:\/\/radiogecko.com\/index.php?rest_route=%2Fwp%2Fv2%2Fcategories&post=26974"},{"taxonomy":"post_tag","embeddable":true,"href":"https:\/\/radiogecko.com\/index.php?rest_route=%2Fwp%2Fv2%2Ftags&post=26974"}],"curies":[{"name":"wp","href":"https:\/\/api.w.org\/{rel}","templated":true}]}}