{"id":26980,"date":"2023-06-23T15:00:47","date_gmt":"2023-06-23T20:00:47","guid":{"rendered":"https:\/\/notidirectoplayadelcarmen.com\/?p=26980"},"modified":"2023-06-23T15:00:47","modified_gmt":"2023-06-23T20:00:47","slug":"mas-de-3-000-jugadores-de-207-equipos-de-balonmano-playa-se-dan-cita-en-la-playa-del-carmen","status":"publish","type":"post","link":"https:\/\/radiogecko.com\/?p=26980","title":{"rendered":"M\u00e1s de 3.000 jugadores de 207 equipos de balonmano playa se dan cita en la Playa del Carmen"},"content":{"rendered":"<p>Barbate se ha convertido este fin de semana en epicentro del balonmano playa nacional con la celebraci\u00f3n de dos de los eventos m\u00e1s importantes de la temporada. Por un lado, este viernes daba comienzo la Copa de Espa\u00f1a y hoy s\u00e1bado har\u00e1 lo propio el XIV Torneo Ubago Recortes de Mojama. Ambos eventos, se celebrar\u00e1n hasta ma\u00f1ana domingo de forma paralela en la Playa del Carmen, donde se han dispuesto un total de doce campos y gradas con capacidad para 700 personas.<\/p>\n<p>La Copa de Espa\u00f1a, con 107 equipos inscritos, la disputan los equipos clasificados en la temporada anterior en los torneos territoriales y del Arena Handball Tour. Ha dado comienzo este viernes y finalizar\u00e1 el domingo a mediod\u00eda.\u00a0 Por su parte, el Torneo Ubago-Recortes de Mojama, puntuable para la Copa de Andaluc\u00eda que se celebrar\u00e1 en C\u00e1diz el primer fin de semana de agosto, con 100 equipos inscritos, arranca hoy s\u00e1bado a las 9.00 horas y finalizar\u00e1 el domingo a las 19.00 horas.<\/p>\n<p>La delegada municipal de Deportes, Raquel Moral, ha declarado que \u201cdesde la Delegaci\u00f3n Municipal de Deportes del Ayuntamiento de Barbate hemos trabajado codo con codo con el Club Deportivo \u2018Recortes de Mojama\u2019, para que ambas competiciones se desarrollen con todas las garant\u00edas de seguridad, limpieza y sanitarias; y para que Barbate luzca los mejor posible durante este fin de semana\u201d. \u201cSon miles las personas que acogemos estos d\u00edas en Barbate, entre deportistas y familiares de los mismos, que se alojan en nuestro pueblo y disfrutan de nuestra playa, nuestra gastronom\u00eda y nuestro entorno; con el consiguiente impacto econ\u00f3mico que esto supone para nuestros comerciantes, empresarios y hosteleros\u201d, a\u00f1ade Moral.<\/p>\n<p>Adem\u00e1s, valora Moral, \u201cson muchos los medios de comunicaci\u00f3n que est\u00e1n dando cobertura a estos campeonatos, por lo que la promoci\u00f3n tur\u00edstica de Barbate queda garantizada\u201d. Para la edil de Deportes, \u201cel Club Recortes de Mojama ha logrado, un a\u00f1o m\u00e1s, congregar a la \u00e9lite de balonmano playa en su torneo, y ha posibilitado que su celebraci\u00f3n junto a la Copa de Espa\u00f1a, con las Federaciones Espa\u00f1ola y Andaluza, se est\u00e9 desarrollando con gran \u00e9xito\u201d, por lo que ha mostrado su agradecimiento al club barbate\u00f1o por \u201csu implicaci\u00f3n y su gran labor en pro del deporte barbate\u00f1o\u201d.<\/p>\n<p>Finalmente, Moral invita \u201ca la ciudadan\u00eda y a todas las personas que nos visitan a disfrutar del deporte, de la naturaleza, de la gastronom\u00eda y de todo lo que Barbate ofrece\u201d, con el firme objetivo de \u201cseguir trabajando de la mano para que nuestro municipio sea reconocido como un destino deportivo\u00a0y\u00a0tur\u00edstico\u201d<\/p>\n<p>Por su parte, el alcalde, Miguel Molina, se ha mostrado entusiasmado \u201cporque durante estos d\u00edas, nuestro pueblo se convierte en lo que queremos que sea, un referente en el mundo del deporte y un municipio tur\u00edstico que cada vez atrae a m\u00e1s gente\u201d. \u201cVamos por buen camino y desde el Ayuntamiento de Barbate seguiremos trabajando incansablemente para seguir dando pasos hacia delante, siempre de la mano de nuestros clubes deportivos, como en este caso el de \u2018Recortes de Mojama\u2019, que han sido los art\u00edfices de todo lo que vemos este fin de semana en nuestra playa del Carmen; y que han conseguido el apoyo empresarial e institucional necesario para celebrar su magn\u00edfico torneo y cuadrarlo, junto con las federaciones andaluza y espa\u00f1ola, con la Copa de Espa\u00f1a\u201d.<\/p>\n<p>\u201cDeporte, salud, turismo, gastronom\u00eda, entorno natural, playas, convivencia, \u2026 son palabras definen a Barbate y lo promocionan ya desde todos sus \u00e1mbitos, y en esta l\u00ednea seguiremos trabajando. Este fin de semana, la \u00e9lite del balonmano playa se cita en la playa del Carmen y todas las miradas apuntan a Barbate, gracias tambi\u00e9n a la gran difusi\u00f3n a trav\u00e9s de medios de comunicaci\u00f3n nacionales, regionales y locales\u201d, ha declarado el alcalde, invitando \u201ca vecinos y visitantes a disfrutar del deporte y de todo lo que Barbate\u00a0ofrece\u201d.<\/p>\n","protected":false},"excerpt":{"rendered":"<p>Barbate se ha convertido este fin de semana en epicentro del balonmano playa nacional con la celebraci\u00f3n de dos de los eventos m\u00e1s importantes de la temporada. Por un lado,&hellip;<\/p>\n","protected":false},"author":1,"featured_media":26982,"comment_status":"open","ping_status":"closed","sticky":false,"template":"","format":"standard","meta":{"footnotes":""},"categories":[4],"tags":[],"class_list":["post-26980","post","type-post","status-publish","format-standard","has-post-thumbnail","hentry","category-local"],"_links":{"self":[{"href":"https:\/\/radiogecko.com\/index.php?rest_route=\/wp\/v2\/posts\/26980","targetHints":{"allow":["GET"]}}],"collection":[{"href":"https:\/\/radiogecko.com\/index.php?rest_route=\/wp\/v2\/posts"}],"about":[{"href":"https:\/\/radiogecko.com\/index.php?rest_route=\/wp\/v2\/types\/post"}],"author":[{"embeddable":true,"href":"https:\/\/radiogecko.com\/index.php?rest_route=\/wp\/v2\/users\/1"}],"replies":[{"embeddable":true,"href":"https:\/\/radiogecko.com\/index.php?rest_route=%2Fwp%2Fv2%2Fcomments&post=26980"}],"version-history":[{"count":0,"href":"https:\/\/radiogecko.com\/index.php?rest_route=\/wp\/v2\/posts\/26980\/revisions"}],"wp:featuredmedia":[{"embeddable":true,"href":"https:\/\/radiogecko.com\/index.php?rest_route=\/wp\/v2\/media\/26982"}],"wp:attachment":[{"href":"https:\/\/radiogecko.com\/index.php?rest_route=%2Fwp%2Fv2%2Fmedia&parent=26980"}],"wp:term":[{"taxonomy":"category","embeddable":true,"href":"https:\/\/radiogecko.com\/index.php?rest_route=%2Fwp%2Fv2%2Fcategories&post=26980"},{"taxonomy":"post_tag","embeddable":true,"href":"https:\/\/radiogecko.com\/index.php?rest_route=%2Fwp%2Fv2%2Ftags&post=26980"}],"curies":[{"name":"wp","href":"https:\/\/api.w.org\/{rel}","templated":true}]}}