{"id":27004,"date":"2023-06-24T15:00:53","date_gmt":"2023-06-24T20:00:53","guid":{"rendered":"https:\/\/notidirectoplayadelcarmen.com\/?p=27004"},"modified":"2023-06-24T15:00:53","modified_gmt":"2023-06-24T20:00:53","slug":"dejan-estatua-de-andres-de-quintana-roo-frente-a-predio-baldio-en-playa-del-carmen","status":"publish","type":"post","link":"https:\/\/radiogecko.com\/?p=27004","title":{"rendered":"Dejan estatua de Andr\u00e9s de Quintana Roo frente a predio bald\u00edo en Playa del Carmen"},"content":{"rendered":"<p>Por una raz\u00f3n a\u00fan desconocida, la estatua de Andr\u00e9s de Quintana Roo, que se ubicaba en el acceso al antiguo Palacio Municipal, esta ma\u00f1ana fue encontrada en una esquina, junto a un predio bald\u00edo, a corta distancia de Plaza Las Am\u00e9ricas de esta ciudad.<\/p>\n<div dir=\"auto\">La estatua, sin pedestal o alg\u00fan cartel o indicativo de qu\u00e9 se trata, fue descubierta sin ceremonia en el cruce de las avenidas Paseo Central y 125, pr\u00e1cticamente expuesta a ser robada, por estar hecha de bronce.<\/div>\n<div dir=\"auto\"><\/div>\n<div dir=\"auto\">La estatua en cuesti\u00f3n llevaba m\u00e1s de 10 a\u00f1os en la Plaza 28 de Julio, donde pod\u00eda ser vista a un lado de la efigie de Leona Vicario, cuya ubicaci\u00f3n se desconoce, hasta el momento.<\/div>\n<div dir=\"auto\"><\/div>\n<div dir=\"auto\">Se presume que ambas estatuas fueron retiradas debido a las obras de remodelaci\u00f3n que se realizan en la explanada ya citada.<\/div>\n<div dir=\"auto\"><\/div>\n<div dir=\"auto\">Lo inexplicable es por qu\u00e9 esta efigie, que pertenece al patrimonio del municipio, fue puesta en una banqueta, a unos 200 metros del nuevo Palacio Municipal, en una zona de poca presencia vecinal.<\/div>\n<div dir=\"auto\"><\/div>\n<div dir=\"auto\">Esta no es la primera vez que alg\u00fan monumento, de propiedad municipal, se ve comprometido, pues en marzo del a\u00f1o pasado, unas esculturas de unas tortugas exhibidas en una rotonda de la avenida Paseo Central (detr\u00e1s de Plaza las Am\u00e9ricas) desaparecieron.<\/div>\n<div dir=\"auto\"><\/div>\n<div dir=\"auto\">Entrevistado al respecto, Benny Mill\u00e1n, secretario de Servicios P\u00fablicos, asegur\u00f3 que estas estatuas hab\u00edan sido robadas. NO obstante, poco despu\u00e9s dichas efigies aparecieron en las instalaciones de esta dependencia, y eventualmente fueron colocadas de vuelta en esta rotonda.<\/div>\n","protected":false},"excerpt":{"rendered":"<p>Por una raz\u00f3n a\u00fan desconocida, la estatua de Andr\u00e9s de Quintana Roo, que se ubicaba en el acceso al antiguo Palacio Municipal, esta ma\u00f1ana fue encontrada en una esquina, junto&hellip;<\/p>\n","protected":false},"author":1,"featured_media":27006,"comment_status":"open","ping_status":"closed","sticky":false,"template":"","format":"standard","meta":{"footnotes":""},"categories":[4],"tags":[],"class_list":["post-27004","post","type-post","status-publish","format-standard","has-post-thumbnail","hentry","category-local"],"_links":{"self":[{"href":"https:\/\/radiogecko.com\/index.php?rest_route=\/wp\/v2\/posts\/27004","targetHints":{"allow":["GET"]}}],"collection":[{"href":"https:\/\/radiogecko.com\/index.php?rest_route=\/wp\/v2\/posts"}],"about":[{"href":"https:\/\/radiogecko.com\/index.php?rest_route=\/wp\/v2\/types\/post"}],"author":[{"embeddable":true,"href":"https:\/\/radiogecko.com\/index.php?rest_route=\/wp\/v2\/users\/1"}],"replies":[{"embeddable":true,"href":"https:\/\/radiogecko.com\/index.php?rest_route=%2Fwp%2Fv2%2Fcomments&post=27004"}],"version-history":[{"count":0,"href":"https:\/\/radiogecko.com\/index.php?rest_route=\/wp\/v2\/posts\/27004\/revisions"}],"wp:featuredmedia":[{"embeddable":true,"href":"https:\/\/radiogecko.com\/index.php?rest_route=\/wp\/v2\/media\/27006"}],"wp:attachment":[{"href":"https:\/\/radiogecko.com\/index.php?rest_route=%2Fwp%2Fv2%2Fmedia&parent=27004"}],"wp:term":[{"taxonomy":"category","embeddable":true,"href":"https:\/\/radiogecko.com\/index.php?rest_route=%2Fwp%2Fv2%2Fcategories&post=27004"},{"taxonomy":"post_tag","embeddable":true,"href":"https:\/\/radiogecko.com\/index.php?rest_route=%2Fwp%2Fv2%2Ftags&post=27004"}],"curies":[{"name":"wp","href":"https:\/\/api.w.org\/{rel}","templated":true}]}}