{"id":27105,"date":"2023-06-27T19:07:22","date_gmt":"2023-06-28T00:07:22","guid":{"rendered":"https:\/\/notidirectoplayadelcarmen.com\/?p=27105"},"modified":"2023-06-27T19:07:22","modified_gmt":"2023-06-28T00:07:22","slug":"promoveran-a-playa-del-carmen-en-autobuses-de-ado","status":"publish","type":"post","link":"https:\/\/radiogecko.com\/?p=27105","title":{"rendered":"Promover\u00e1n a Playa del Carmen en autobuses de ADO"},"content":{"rendered":"<ul>\n<li><strong><em>La promoci\u00f3n de Playa del Carmen y la Riviera Maya est\u00e1 siendo proyectada en 5 terminales de autobuses, con spots cada tres minutos.<\/em><\/strong><\/li>\n<\/ul>\n<p>Con la finalidad de atraer a un mayor n\u00famero de visitantes y fortalecer la econom\u00eda local, la presidenta municipal de Solidaridad, Roxana Lili Campos Miranda, firm\u00f3 un convenio de colaboraci\u00f3n entre el municipio y la empresa de transporte ADO, representada por el gerente general Regi\u00f3n Caribe de Mobility ADO, Julio Garc\u00eda Flores.<\/p>\n<p>El objetivo es promover y difundir en las pantallas de las terminales y autobuses ADO las bellezas naturales, la feria de la Virgen del Carmen, patrona del pueblo, as\u00ed como las festividades por el 30 Aniversario de Solidaridad, entre otros.<\/p>\n<p>La alcaldesa destac\u00f3 la importancia de la colaboraci\u00f3n entre el sector p\u00fablico y privado para difundir, promocionar e impulsar el turismo; agradeci\u00f3 al grupo ADO la confianza depositada en el gobierno de Solidaridad al ser parte de este convenio atestiguado por el director general del Consejo de Promoci\u00f3n Tur\u00edstica de Quintana Roo, Javier Aranda Pedrero.<\/p>\n<p>\u201cComo gobierno necesitamos trabajar unidos, desde todos los rubros\u201d, expres\u00f3.Reconoci\u00f3 que como municipio es importante que la afluencia de visitantes se eleve en Solidaridad, pues esto produce mayor derrama econ\u00f3mica y mejor calidad de vida para todos los habitantes.<\/p>\n<p>\u201cSolidaridad cuenta con las herramientas para seguir compitiendo exitosamente en el siempre complejo y exigente mercado del turismo, continuamos renovando para crecer\u201d, afirm\u00f3.<\/p>\n<p>Por su parte, Julio Garc\u00eda se\u00f1al\u00f3 que la promoci\u00f3n de Playa del Carmen y la Riviera Maya est\u00e1 siendo proyectada en 5 terminales de autobuses, con spots cada tres minutos.<\/p>\n<p>\u201cEn nuestras pantallas hoy tenemos un flujo promedio de 600 mil personas en todo el estado, tenemos comunicaciones f\u00edsicas en Canc\u00fan, Campeche, M\u00e9rida, as\u00ed como otras partes del pa\u00eds; vamos a promover gastronom\u00eda, playas, la Quinta Avenida, la ruta de los cenotes y actividades y atractivos tur\u00edsticos\u201d, asegur\u00f3.<\/p>\n","protected":false},"excerpt":{"rendered":"<p>La promoci\u00f3n de Playa del Carmen y la Riviera Maya est\u00e1 siendo proyectada en 5 terminales de autobuses, con spots cada tres minutos. Con la finalidad de atraer a un&hellip;<\/p>\n","protected":false},"author":1,"featured_media":27107,"comment_status":"open","ping_status":"closed","sticky":false,"template":"","format":"standard","meta":{"footnotes":""},"categories":[4],"tags":[],"class_list":["post-27105","post","type-post","status-publish","format-standard","has-post-thumbnail","hentry","category-local"],"_links":{"self":[{"href":"https:\/\/radiogecko.com\/index.php?rest_route=\/wp\/v2\/posts\/27105","targetHints":{"allow":["GET"]}}],"collection":[{"href":"https:\/\/radiogecko.com\/index.php?rest_route=\/wp\/v2\/posts"}],"about":[{"href":"https:\/\/radiogecko.com\/index.php?rest_route=\/wp\/v2\/types\/post"}],"author":[{"embeddable":true,"href":"https:\/\/radiogecko.com\/index.php?rest_route=\/wp\/v2\/users\/1"}],"replies":[{"embeddable":true,"href":"https:\/\/radiogecko.com\/index.php?rest_route=%2Fwp%2Fv2%2Fcomments&post=27105"}],"version-history":[{"count":0,"href":"https:\/\/radiogecko.com\/index.php?rest_route=\/wp\/v2\/posts\/27105\/revisions"}],"wp:featuredmedia":[{"embeddable":true,"href":"https:\/\/radiogecko.com\/index.php?rest_route=\/wp\/v2\/media\/27107"}],"wp:attachment":[{"href":"https:\/\/radiogecko.com\/index.php?rest_route=%2Fwp%2Fv2%2Fmedia&parent=27105"}],"wp:term":[{"taxonomy":"category","embeddable":true,"href":"https:\/\/radiogecko.com\/index.php?rest_route=%2Fwp%2Fv2%2Fcategories&post=27105"},{"taxonomy":"post_tag","embeddable":true,"href":"https:\/\/radiogecko.com\/index.php?rest_route=%2Fwp%2Fv2%2Ftags&post=27105"}],"curies":[{"name":"wp","href":"https:\/\/api.w.org\/{rel}","templated":true}]}}