{"id":27108,"date":"2023-06-27T19:09:16","date_gmt":"2023-06-28T00:09:16","guid":{"rendered":"https:\/\/notidirectoplayadelcarmen.com\/?p=27108"},"modified":"2023-06-27T19:09:16","modified_gmt":"2023-06-28T00:09:16","slug":"protegen-en-playa-del-carmen-a-adultos-mayores","status":"publish","type":"post","link":"https:\/\/radiogecko.com\/?p=27108","title":{"rendered":"Protegen en Playa del Carmen a adultos mayores"},"content":{"rendered":"<ul>\n<li><strong><em>La asociaci\u00f3n civil Orgullo Ciudadano planea construir una estancia de d\u00eda para este sector de la sociedad en el municipio de Solidaridad.<\/em><\/strong><\/li>\n<\/ul>\n<p>Para dignificar a los adultos mayores y cambiar su modelo de vida, la asociaci\u00f3n civil Orgullo Ciudadano planea construir una estancia de d\u00eda para este sector de la sociedad en el municipio de Solidaridad.<\/p>\n<p>Por ello, del 1 de julio al 30 de septiembre del a\u00f1o en curso, en m\u00e1s de 250 tiendas de Oxxo que conforman la denominada plaza Xcaret \u2014integrada por algunas sucursales de la Avenida Huayac\u00e1n, en Canc\u00fan, hasta Felipe Carrillo Puerto\u2014 estar\u00e1 vigente la campa\u00f1a del redondeo.<\/p>\n<p>Lizbeth Santoyo Hern\u00e1ndez, presidenta de la asociaci\u00f3n, explic\u00f3 que la intenci\u00f3n es recabar alrededor de un mill\u00f3n de pesos para construir esta estancia, que estar\u00e1 ubicada en la Colonia Los Pajaritos, puesto que ah\u00ed les donaron dos terrenos de 300 metros cada uno.<\/p>\n<p>\u201cConstruir la estancia de d\u00eda \u2018Tere Hern\u00e1ndez\u2019, esta estancia lo que pretende es albergar a 100 adultos mayores con apoyos de alimentaci\u00f3n, salud, terapia ocupacional, talleres en los cuales puedan generar ingresos tambi\u00e9n, los queremos llevar a la escuela, a capacitaciones y recreaci\u00f3n\u201d.<\/p>\n<p>Expres\u00f3 que gracias a la campa\u00f1a del redondeo de tiendas Oxxo en 2020 abrieron la estancia de d\u00eda en Canc\u00fan, ubicada en la Regi\u00f3n 103, en la que apoyan a 125 adultos mayores con un modelo de atenci\u00f3n denominado teor\u00eda de cambio, logrando dignificar a estas personas.<\/p>\n<p>En ese sentido, Cuauht\u00e9moc Escobedo Campos, presidente honorario del DIF del municipio de Solidaridad, expres\u00f3 que todos tienen cerca a un adulto mayor, por ello reconoci\u00f3 la labor tanto de la asociaci\u00f3n civil como de la empresa, ya que buscan mejorar la condici\u00f3n de vida de estas personas.<\/p>\n<p>\u201cUn gesto bastante afable, nosotros desde el Sistema DIF compartimos infinitamente que es el cuidado a las familias, a las personas vulnerables y dentro de estas personas que estoy mencionando tambi\u00e9n encontramos a los adultos mayores\u201d.<\/p>\n<p>Asever\u00f3 que los adultos mayores son personas llenas de energ\u00eda, de experiencia, por ello, convivir con ellos es aprender, de ah\u00ed que pidi\u00f3 a la poblaci\u00f3n sumarse a esta campa\u00f1a del redondeo.<\/p>\n","protected":false},"excerpt":{"rendered":"<p>La asociaci\u00f3n civil Orgullo Ciudadano planea construir una estancia de d\u00eda para este sector de la sociedad en el municipio de Solidaridad. Para dignificar a los adultos mayores y cambiar&hellip;<\/p>\n","protected":false},"author":1,"featured_media":27110,"comment_status":"open","ping_status":"closed","sticky":false,"template":"","format":"standard","meta":{"footnotes":""},"categories":[4],"tags":[],"class_list":["post-27108","post","type-post","status-publish","format-standard","has-post-thumbnail","hentry","category-local"],"_links":{"self":[{"href":"https:\/\/radiogecko.com\/index.php?rest_route=\/wp\/v2\/posts\/27108","targetHints":{"allow":["GET"]}}],"collection":[{"href":"https:\/\/radiogecko.com\/index.php?rest_route=\/wp\/v2\/posts"}],"about":[{"href":"https:\/\/radiogecko.com\/index.php?rest_route=\/wp\/v2\/types\/post"}],"author":[{"embeddable":true,"href":"https:\/\/radiogecko.com\/index.php?rest_route=\/wp\/v2\/users\/1"}],"replies":[{"embeddable":true,"href":"https:\/\/radiogecko.com\/index.php?rest_route=%2Fwp%2Fv2%2Fcomments&post=27108"}],"version-history":[{"count":0,"href":"https:\/\/radiogecko.com\/index.php?rest_route=\/wp\/v2\/posts\/27108\/revisions"}],"wp:featuredmedia":[{"embeddable":true,"href":"https:\/\/radiogecko.com\/index.php?rest_route=\/wp\/v2\/media\/27110"}],"wp:attachment":[{"href":"https:\/\/radiogecko.com\/index.php?rest_route=%2Fwp%2Fv2%2Fmedia&parent=27108"}],"wp:term":[{"taxonomy":"category","embeddable":true,"href":"https:\/\/radiogecko.com\/index.php?rest_route=%2Fwp%2Fv2%2Fcategories&post=27108"},{"taxonomy":"post_tag","embeddable":true,"href":"https:\/\/radiogecko.com\/index.php?rest_route=%2Fwp%2Fv2%2Ftags&post=27108"}],"curies":[{"name":"wp","href":"https:\/\/api.w.org\/{rel}","templated":true}]}}