{"id":27147,"date":"2023-06-28T16:56:33","date_gmt":"2023-06-28T21:56:33","guid":{"rendered":"https:\/\/notidirectoplayadelcarmen.com\/?p=27147"},"modified":"2023-06-28T16:56:33","modified_gmt":"2023-06-28T21:56:33","slug":"playa-del-carmen-reiteran-acusacion-contra-calica","status":"publish","type":"post","link":"https:\/\/radiogecko.com\/?p=27147","title":{"rendered":"Playa del Carmen: Reiteran acusaci\u00f3n contra Calica"},"content":{"rendered":"<div>\n<div class=\"row m-b-15\">\n<div class=\"col-xs-12 col-sm-12 col-md-12 col-lg-12\">\n<h4 class=\"introduction\" style=\"text-align: center;\">Calica tiene detenidas sus operaciones extractivas de material p\u00e9treo, al sur de Playa del Carmen.<\/h4>\n<\/div>\n<\/div>\n<\/div>\n<div class=\"row m-b-25\">\n<div class=\"col-xs-12 col-sm-12 col-md-12 col-lg-12 info-extra-new\">\n<p>El estado Mexicano respondi\u00f3 a\u00a0<strong>Vulcan Materials Company<\/strong>, y volvi\u00f3 a reiterar que la trasnacional realiz\u00f3 actividades ilegales durante el tiempo que explot\u00f3 el predio\u00a0<strong>La Rosita<\/strong>, al\u00a0<strong>sur de Playa del Carmen.<\/strong><\/p>\n<p>En el \u00faltimo memorial de la demanda ARB\/19\/1 que resuelve el Centro Internacional de Arreglo de Diferencias Relativas a Inversiones (Ciadi), se expuso tambi\u00e9n que\u00a0<strong>Calica<\/strong> ha tratado de politizar el conflicto y no al rev\u00e9s, como propone la filial.<\/p>\n<p>\u201cA lo largo de este arbitraje, la demandante se ha enfocado en intentar convencer al Tribunal sobre la supuesta existencia de motivaciones pol\u00edticas en contra de las actividades extractivas de Calica con el objetivo de desviar la atenci\u00f3n sobre el punto focal de los hechos que rodean esta controversia\u201d, expuso en esta ocasi\u00f3n el Estado mexicano.<\/p>\n<p>Cabe recordar que Calica, filial de Vulcan Materials Company tiene detenidas sus operaciones extractivas de material p\u00e9treo, al sur de Playa del Carmen, luego de la clausura que le impuso la\u00a0<strong>Procuradur\u00eda Federal de Protecci\u00f3n al Ambiente (Profepa), en mayo de 2022.<\/strong><\/p>\n<p>Aunque en 2018 ya hab\u00eda practicado la dependencia federal actos de sanci\u00f3n sobre el predio El Corchalito. En este sentido, la representaci\u00f3n legal de M\u00e9xico expuso, seg\u00fan el expediente al que se tuvo acceso, que hasta ahora Vulcan no ha podido refutar la legislaci\u00f3n mexicana en materia ambiental.<\/p>\n<p>\u201cLo que la demandante no ha podido refutar es que la legislaci\u00f3n mexicana ha facultado a la Profepa para proteger un bien de especial importancia para el Estado mexicano: el medio ambiente\u201d, agreg\u00f3 la contestaci\u00f3n.<\/p>\n<p>En respuestas anteriores que ha dado Vulcan ante el panel internacional del\u00a0<strong>Ciadi,<\/strong>\u00a0ha mencionado que los ataques contra la trasnacional provienen de manera dolosa desde las conferencias matutinas del presidente Andr\u00e9s Manuel L\u00f3pez Obrador.<\/p>\n<section id=\"limit-stiky-649ba6db12889100154ab9b9\" class=\"row\">\n<div class=\"col-xs-112 col-sm-10 col-md-10 col-lg-10\">\n<div class=\"row content-news-data-649ba6db12889100154ab9b9\">\n<div class=\"col-xs-12 col-sm-12 col-md-12 col-lg-12 cuerpo-nota\">\n<p>En respuesta el Ciadi impuso una medida cautelar y pidi\u00f3 en el segundo semestre del a\u00f1o pasado, que el presidente no hablara sobre el asunto. Aunque en marzo pasado lo volvi\u00f3 a hacer ante el conflicto particular entre\u00a0<strong>Calica y Cemex.<\/strong><\/p>\n<\/div>\n<\/div>\n<\/div>\n<\/section>\n<section class=\"row\">\n<div class=\"col-xs-4 col-sm-14 col-md-4 col-lg-4\">\n<div class=\"btn-seguinos-gnews\"><\/div>\n<\/div>\n<\/section>\n<\/div>\n<\/div>\n","protected":false},"excerpt":{"rendered":"<p>Calica tiene detenidas sus operaciones extractivas de material p\u00e9treo, al sur de Playa del Carmen. El estado Mexicano respondi\u00f3 a\u00a0Vulcan Materials Company, y volvi\u00f3 a reiterar que la trasnacional realiz\u00f3&hellip;<\/p>\n","protected":false},"author":1,"featured_media":27149,"comment_status":"open","ping_status":"closed","sticky":false,"template":"","format":"standard","meta":{"footnotes":""},"categories":[4],"tags":[],"class_list":["post-27147","post","type-post","status-publish","format-standard","has-post-thumbnail","hentry","category-local"],"_links":{"self":[{"href":"https:\/\/radiogecko.com\/index.php?rest_route=\/wp\/v2\/posts\/27147","targetHints":{"allow":["GET"]}}],"collection":[{"href":"https:\/\/radiogecko.com\/index.php?rest_route=\/wp\/v2\/posts"}],"about":[{"href":"https:\/\/radiogecko.com\/index.php?rest_route=\/wp\/v2\/types\/post"}],"author":[{"embeddable":true,"href":"https:\/\/radiogecko.com\/index.php?rest_route=\/wp\/v2\/users\/1"}],"replies":[{"embeddable":true,"href":"https:\/\/radiogecko.com\/index.php?rest_route=%2Fwp%2Fv2%2Fcomments&post=27147"}],"version-history":[{"count":0,"href":"https:\/\/radiogecko.com\/index.php?rest_route=\/wp\/v2\/posts\/27147\/revisions"}],"wp:featuredmedia":[{"embeddable":true,"href":"https:\/\/radiogecko.com\/index.php?rest_route=\/wp\/v2\/media\/27149"}],"wp:attachment":[{"href":"https:\/\/radiogecko.com\/index.php?rest_route=%2Fwp%2Fv2%2Fmedia&parent=27147"}],"wp:term":[{"taxonomy":"category","embeddable":true,"href":"https:\/\/radiogecko.com\/index.php?rest_route=%2Fwp%2Fv2%2Fcategories&post=27147"},{"taxonomy":"post_tag","embeddable":true,"href":"https:\/\/radiogecko.com\/index.php?rest_route=%2Fwp%2Fv2%2Ftags&post=27147"}],"curies":[{"name":"wp","href":"https:\/\/api.w.org\/{rel}","templated":true}]}}