{"id":27192,"date":"2023-06-29T19:28:20","date_gmt":"2023-06-30T00:28:20","guid":{"rendered":"https:\/\/notidirectoplayadelcarmen.com\/?p=27192"},"modified":"2023-06-29T19:28:20","modified_gmt":"2023-06-30T00:28:20","slug":"feria-del-carmen-para-ninas-y-ninas-de-playa-del-carmen-sera-gratuita","status":"publish","type":"post","link":"https:\/\/radiogecko.com\/?p=27192","title":{"rendered":"Feria del Carmen para ni\u00f1as y ni\u00f1as de Playa del Carmen ser\u00e1 gratuita"},"content":{"rendered":"<h4 class=\"jeg_post_subtitle\" style=\"text-align: center;\">Se recorren escuelas en Playa del Carmen para entregar ni\u00f1as y ni\u00f1os boletos para la Feria del Carmen.<\/h4>\n<div class=\"jeg_meta_container\">\n<div class=\"jeg_post_meta jeg_post_meta_1\">\n<p>El director de Educaci\u00f3n, Desarrollo Humano y Bibliotecas P\u00fablicas, Javier Basurto Campos, explic\u00f3 que \u00ab<em>ser\u00e1n visitadas las escuelas por secretarios, directores y personal administrativo del gobierno municipal para entregar boletos de la feria, evento familiar que se realizar\u00e1 del siete al 18 de julio, para la sana convivencia y el fomento a nuestras tradiciones\u00bb.<\/em><\/p>\n<h2>Regalan boletos a ni\u00f1as y ni\u00f1os de Playa del Carmen para la Feria del Carmen<\/h2>\n<p>El funcionario mencionado ha resaltado que la entrega de boletos\u00a0<strong>permite tener el contacto con las ni\u00f1as y ni\u00f1os de Playa del Carmen<\/strong>, adem\u00e1s de estar al pendiente de las instituciones educativas.<\/p>\n<p>Esto genera un v\u00ednculo entre el gobierno que preside Lili Campos con la gente que habita en\u00a0Playa del Carmen.<\/p>\n<p>De igual manera el funcionario hizo hincapi\u00e9 en que\u00a0<em>\u00abla feria estar\u00e1 abierta a todo el p\u00fablico, para que las ni\u00f1as y los ni\u00f1os vayan con sus pap\u00e1s, con la familia, con la abuelita, con quien quieran y disfruten de esta actividad que nos enorgullece y nos da arraigo\u00bb.<\/em><\/p>\n<\/div>\n<\/div>\n","protected":false},"excerpt":{"rendered":"<p>Se recorren escuelas en Playa del Carmen para entregar ni\u00f1as y ni\u00f1os boletos para la Feria del Carmen. El director de Educaci\u00f3n, Desarrollo Humano y Bibliotecas P\u00fablicas, Javier Basurto Campos,&hellip;<\/p>\n","protected":false},"author":1,"featured_media":27194,"comment_status":"open","ping_status":"closed","sticky":false,"template":"","format":"standard","meta":{"footnotes":""},"categories":[4],"tags":[],"class_list":["post-27192","post","type-post","status-publish","format-standard","has-post-thumbnail","hentry","category-local"],"_links":{"self":[{"href":"https:\/\/radiogecko.com\/index.php?rest_route=\/wp\/v2\/posts\/27192","targetHints":{"allow":["GET"]}}],"collection":[{"href":"https:\/\/radiogecko.com\/index.php?rest_route=\/wp\/v2\/posts"}],"about":[{"href":"https:\/\/radiogecko.com\/index.php?rest_route=\/wp\/v2\/types\/post"}],"author":[{"embeddable":true,"href":"https:\/\/radiogecko.com\/index.php?rest_route=\/wp\/v2\/users\/1"}],"replies":[{"embeddable":true,"href":"https:\/\/radiogecko.com\/index.php?rest_route=%2Fwp%2Fv2%2Fcomments&post=27192"}],"version-history":[{"count":0,"href":"https:\/\/radiogecko.com\/index.php?rest_route=\/wp\/v2\/posts\/27192\/revisions"}],"wp:featuredmedia":[{"embeddable":true,"href":"https:\/\/radiogecko.com\/index.php?rest_route=\/wp\/v2\/media\/27194"}],"wp:attachment":[{"href":"https:\/\/radiogecko.com\/index.php?rest_route=%2Fwp%2Fv2%2Fmedia&parent=27192"}],"wp:term":[{"taxonomy":"category","embeddable":true,"href":"https:\/\/radiogecko.com\/index.php?rest_route=%2Fwp%2Fv2%2Fcategories&post=27192"},{"taxonomy":"post_tag","embeddable":true,"href":"https:\/\/radiogecko.com\/index.php?rest_route=%2Fwp%2Fv2%2Ftags&post=27192"}],"curies":[{"name":"wp","href":"https:\/\/api.w.org\/{rel}","templated":true}]}}