{"id":27202,"date":"2023-06-30T11:50:46","date_gmt":"2023-06-30T16:50:46","guid":{"rendered":"https:\/\/notidirectoplayadelcarmen.com\/?p=27202"},"modified":"2023-06-30T11:50:46","modified_gmt":"2023-06-30T16:50:46","slug":"descubre-el-paraiso-secreto-donde-ruben-dias-la-estrella-del-manchester-city-elige-pasar-sus-merecidas-vacaciones","status":"publish","type":"post","link":"https:\/\/radiogecko.com\/?p=27202","title":{"rendered":"&quot;\u00a1Descubre el para\u00edso secreto donde Rub\u00e9n Dias, la estrella del Manchester City, elige pasar sus merecidas vacaciones!"},"content":{"rendered":"<p>Los jugadores del futbol europeo retomaron sus vacaciones tras las eliminatorias para la\u00a0Eurocopa 2024.\u00a0Rub\u00e9n Dias,\u00a0defensor portugu\u00e9s del\u00a0Manchester City, decidi\u00f3 descansar en tierras aztecas previo a tener que reportar con el equipo ingl\u00e9s.<\/p>\n<p><img loading=\"lazy\" decoding=\"async\" class=\"alignnone size-medium wp-image-34026\" src=\"https:\/\/notidirectoplayadelcarmen.com\/wp-content\/uploads\/2023\/06\/WhatsApp-Image-2023-06-30-at-10.03.33-1.jpeg\" alt=\"\" width=\"300\" height=\"169\" \/><\/p>\n<p>El futbolista de 26 a\u00f1os fue pieza clave para\u00a0Pep Guardiola\u00a0en la temporada pasada en la que el Manchester City pudiera ganar el\u00a0Triplete\u00a0(Liga, Copa y Champions). Ahora en su cuarto a\u00f1o con el club ingl\u00e9s el portugu\u00e9s buscar\u00e1 volver a ganar todo lo posible.<\/p>\n<p>Dias jug\u00f3 con Portugal en sus \u00faltimos dos partidos de eliminatorias para la Eurocopa ante\u00a0Islandia y Bosnia Herzegovina. Con la\u00a0Premier League\u00a0empezando hasta agosto, el futbolista tendr\u00e1 un par de semanas de vacaciones.<\/p>\n<p>En redes sociales el futbolista comparti\u00f3 sus vacaciones en M\u00e9xico. Se puede ver a Dias en Yucat\u00e1n, disfrutando de Chich\u00e9n Itz\u00e1, las playas y de los cenotes de la regi\u00f3n junto con algunos amigos.<\/p>\n","protected":false},"excerpt":{"rendered":"<p>Los jugadores del futbol europeo retomaron sus vacaciones tras las eliminatorias para la\u00a0Eurocopa 2024.\u00a0Rub\u00e9n Dias,\u00a0defensor portugu\u00e9s del\u00a0Manchester City, decidi\u00f3 descansar en tierras aztecas previo a tener que reportar con el&hellip;<\/p>\n","protected":false},"author":1,"featured_media":27204,"comment_status":"open","ping_status":"closed","sticky":false,"template":"","format":"standard","meta":{"footnotes":""},"categories":[6],"tags":[],"class_list":["post-27202","post","type-post","status-publish","format-standard","has-post-thumbnail","hentry","category-deportes"],"_links":{"self":[{"href":"https:\/\/radiogecko.com\/index.php?rest_route=\/wp\/v2\/posts\/27202","targetHints":{"allow":["GET"]}}],"collection":[{"href":"https:\/\/radiogecko.com\/index.php?rest_route=\/wp\/v2\/posts"}],"about":[{"href":"https:\/\/radiogecko.com\/index.php?rest_route=\/wp\/v2\/types\/post"}],"author":[{"embeddable":true,"href":"https:\/\/radiogecko.com\/index.php?rest_route=\/wp\/v2\/users\/1"}],"replies":[{"embeddable":true,"href":"https:\/\/radiogecko.com\/index.php?rest_route=%2Fwp%2Fv2%2Fcomments&post=27202"}],"version-history":[{"count":0,"href":"https:\/\/radiogecko.com\/index.php?rest_route=\/wp\/v2\/posts\/27202\/revisions"}],"wp:featuredmedia":[{"embeddable":true,"href":"https:\/\/radiogecko.com\/index.php?rest_route=\/wp\/v2\/media\/27204"}],"wp:attachment":[{"href":"https:\/\/radiogecko.com\/index.php?rest_route=%2Fwp%2Fv2%2Fmedia&parent=27202"}],"wp:term":[{"taxonomy":"category","embeddable":true,"href":"https:\/\/radiogecko.com\/index.php?rest_route=%2Fwp%2Fv2%2Fcategories&post=27202"},{"taxonomy":"post_tag","embeddable":true,"href":"https:\/\/radiogecko.com\/index.php?rest_route=%2Fwp%2Fv2%2Ftags&post=27202"}],"curies":[{"name":"wp","href":"https:\/\/api.w.org\/{rel}","templated":true}]}}