{"id":27235,"date":"2023-06-30T17:16:21","date_gmt":"2023-06-30T22:16:21","guid":{"rendered":"https:\/\/notidirectoplayadelcarmen.com\/?p=27235"},"modified":"2023-06-30T17:16:21","modified_gmt":"2023-06-30T22:16:21","slug":"apagon-deja-sin-luz-a-la-quinta-avenida-de-playa-del-carmen-qroo","status":"publish","type":"post","link":"https:\/\/radiogecko.com\/?p=27235","title":{"rendered":"Apag\u00f3n deja sin luz a la Quinta avenida de Playa del Carmen, QRoo"},"content":{"rendered":"<div class=\"single-blog-content mt-30\">\n<h4 style=\"text-align: center;\">La falta de energ\u00eda el\u00e9ctrica se prolong\u00f3 por 9 horas; afect\u00f3 a negocios y turistas<\/h4>\n<p>Nuevamente la Riviera Maya se vio afectada por un apag\u00f3n que dej\u00f3 sin energ\u00eda el\u00e9ctrica por varias horas a ciudades como Tulum y Playa del Carmen; en esta \u00faltima poblaci\u00f3n se afect\u00f3 principalmente a la zona tur\u00edstica, por lo que muchos negocios de la Quinta avenida no pudieron operar este d\u00eda.<\/p>\n<p>Fue la ma\u00f1ana de este viernes, aproximadamente a las 9 horas, cuando la zona de la Quinta avenida comprendida entre el muelle fiscal y la avenida Constituyentes se qued\u00f3 sin electricidad, por lo que los comercios que estaban por abrir debieron posponer su entrada en operaciones y los que estaban abiertos optaron por suspender el servicio.<\/p>\n<p>Algunos, como el caso de las helader\u00edas, muy socorridas por los turistas debido a las altas temperaturas, no pudieron sacar su mercanc\u00eda debido a que no funcionaban sus congeladores. En la central de autobuses la venta de boletos se complic\u00f3, al no tener sistema para comprobar el nivel de ventas. En avenidas como la Ju\u00e1rez fue necesario que los agentes de tr\u00e1nsito dieran vialidad, pues no funcionaban los sem\u00e1foros.<\/p>\n<p>Al respecto, la Canirac Playa del Carmen emiti\u00f3 un comunicado en el que hace del conocimiento de las autoridades y la ciudadan\u00eda las p\u00e9rdidas que ha sufrido el sector gastron\u00f3mico por falta de electricidad y la nula respuesta de la Comisi\u00f3n Federal de Electricidad (CFE). Cabe destacar que dichos fallos de energ\u00eda cada vez son m\u00e1s frecuentes y prolongados. En Playa del Carmen, pasadas las 15 horas, muchos negocios segu\u00edan sin energ\u00eda el\u00e9ctrica.<\/p>\n<p>\u201cPor este medio solicitamos a los superintendentes de la CFE que por favor informen qu\u00e9 es lo que est\u00e1 pasando, ya que llevamos ya muchas horas sin electricidad en la zona centro y la zona tur\u00edstica. Se est\u00e1n perdiendo aparte de los ingresos los perecederos que requieren refrigeraci\u00f3n y una inversi\u00f3n muy fuerte en materia prima\u201d, se\u00f1ala el comunicado de Canirac.<\/p>\n<p>Mientras que en el noveno municipio Jos\u00e9 Babac, habitante del fraccionamiento Las Palmas, coment\u00f3 que desde las 2 hasta despu\u00e9s de las 13 horas no cont\u00f3 con suministro el\u00e9ctrico en su vivienda. Cada vez son m\u00e1s comunes estas fallas en el servicio, asegur\u00f3.<\/p>\n<p>Lament\u00f3 que pese a los innumerables reportes que hacen al 071 y a la aplicaci\u00f3n de la CFE, no se tiene respuesta positiva. Se\u00f1al\u00f3 que los vecinos se han quejado de afectaciones por la descomposici\u00f3n de sus electrodom\u00e9sticos. Manifest\u00f3 que en el noveno municipio ya se volvi\u00f3 un problema constante la interrupci\u00f3n del abastecimiento de electricidad, sobre todo en el primer cuadro de la ciudad.<\/p>\n<p>\u201cPara cobrar s\u00ed son buenos, siempre lo decimos, pero es la verdad. Nos cobran cuando puntual y dem\u00e1s, pese a que muchas veces consumimos menos por las fallas de cada semana\u201d, acot\u00f3. Destac\u00f3 tambi\u00e9n que con las fallas el\u00e9ctricas vienen la de otros servicios, como el de internet y el agua potable.<\/p>\n<\/div>\n","protected":false},"excerpt":{"rendered":"<p>La falta de energ\u00eda el\u00e9ctrica se prolong\u00f3 por 9 horas; afect\u00f3 a negocios y turistas Nuevamente la Riviera Maya se vio afectada por un apag\u00f3n que dej\u00f3 sin energ\u00eda el\u00e9ctrica&hellip;<\/p>\n","protected":false},"author":1,"featured_media":27237,"comment_status":"open","ping_status":"closed","sticky":false,"template":"","format":"standard","meta":{"footnotes":""},"categories":[4],"tags":[],"class_list":["post-27235","post","type-post","status-publish","format-standard","has-post-thumbnail","hentry","category-local"],"_links":{"self":[{"href":"https:\/\/radiogecko.com\/index.php?rest_route=\/wp\/v2\/posts\/27235","targetHints":{"allow":["GET"]}}],"collection":[{"href":"https:\/\/radiogecko.com\/index.php?rest_route=\/wp\/v2\/posts"}],"about":[{"href":"https:\/\/radiogecko.com\/index.php?rest_route=\/wp\/v2\/types\/post"}],"author":[{"embeddable":true,"href":"https:\/\/radiogecko.com\/index.php?rest_route=\/wp\/v2\/users\/1"}],"replies":[{"embeddable":true,"href":"https:\/\/radiogecko.com\/index.php?rest_route=%2Fwp%2Fv2%2Fcomments&post=27235"}],"version-history":[{"count":0,"href":"https:\/\/radiogecko.com\/index.php?rest_route=\/wp\/v2\/posts\/27235\/revisions"}],"wp:featuredmedia":[{"embeddable":true,"href":"https:\/\/radiogecko.com\/index.php?rest_route=\/wp\/v2\/media\/27237"}],"wp:attachment":[{"href":"https:\/\/radiogecko.com\/index.php?rest_route=%2Fwp%2Fv2%2Fmedia&parent=27235"}],"wp:term":[{"taxonomy":"category","embeddable":true,"href":"https:\/\/radiogecko.com\/index.php?rest_route=%2Fwp%2Fv2%2Fcategories&post=27235"},{"taxonomy":"post_tag","embeddable":true,"href":"https:\/\/radiogecko.com\/index.php?rest_route=%2Fwp%2Fv2%2Ftags&post=27235"}],"curies":[{"name":"wp","href":"https:\/\/api.w.org\/{rel}","templated":true}]}}