{"id":27241,"date":"2023-06-11T18:08:02","date_gmt":"2023-06-11T23:08:02","guid":{"rendered":"https:\/\/notidirectoplayadelcarmen.com\/?p=27241"},"modified":"2023-06-11T18:08:02","modified_gmt":"2023-06-11T23:08:02","slug":"construyen-plan-estrategico-para-la-paz-en-quintana-roo","status":"publish","type":"post","link":"https:\/\/radiogecko.com\/?p=27241","title":{"rendered":"Construyen plan estrat\u00e9gico para la paz en Quintana Roo"},"content":{"rendered":"<ul>\n<li><strong><em>El plan lo construye el Consejo Quintanarroense para la Paz y Reconciliaci\u00f3n.<\/em><\/strong><\/li>\n<\/ul>\n<p>El Consejo Quintanarroense para la Paz y Reconciliaci\u00f3n se encuentra elaborando el plan estrat\u00e9gico a 30 a\u00f1os, con la intenci\u00f3n de establecer las bases y mejorar las condiciones en la entidad.<\/p>\n<p>As\u00ed lo indic\u00f3 Juli\u00e1n Aguilar Estrada, secretario ejecutivo de esta agrupaci\u00f3n, al sostener que el objetivo del Consejo es lograr que Quintana Roo sea una entidad ejemplo de lo que es la cultura de paz en el pa\u00eds.<\/p>\n<p>\u201cEstamos trabajando en dos ejes ahorita, estamos en el proceso de la creaci\u00f3n de esta agenda con asesores de talla internacional que nos est\u00e1n permitiendo hacer algo muy s\u00f3lido. No queremos acelerarnos, nuestro objetivo no es ser activistas\u201d.<\/p>\n<p>Lo anterior, al considerar que el activismo son acciones cortas y medi\u00e1ticas, por lo que el trabajo del Consejo Quintanarroense es algo con visi\u00f3n a largo plazo, que tendr\u00e1 una solidez, de ah\u00ed que en breve estar\u00e1n presentando el primer eje.<\/p>\n<p>El primer eje tiene que ver con la pedagog\u00eda y con el proceso de educaci\u00f3n para la paz en la sociedad; y el segundo, el tema de la pol\u00edtica p\u00fablica que va a aterrizar y a materializar estos proyectos que permitir\u00e1n esta construcci\u00f3n de la paz.<\/p>\n<p>De ah\u00ed que est\u00e1n buscando la manera de contar con un dise\u00f1o a corto, mediano y largo plazo que les llevar\u00e1 alrededor de dos a\u00f1os, por ello dijo que se encuentran a la mitad de la construcci\u00f3n.<\/p>\n<p>\u201cCuando ya los tengamos listos estos dos (ejes), entonces arrancaremos, vamos a hacer foros que permitan recabar la informaci\u00f3n para atender de manera puntual las necesidades de cada regi\u00f3n, no en todos los lugares son las mismas necesidades ni todas las sociedades padecen de los mismos males\u201d.<\/p>\n<p>Aguilar Estrada abund\u00f3 que es necesario recomponer el tejido social, por ello insisti\u00f3 que deben partir de lo que actualmente afecta para lograr lo que se requiere en el entorno para que sea pac\u00edfico y armonioso sobre todo para las nuevas generaciones.<\/p>\n<p>Agreg\u00f3 que se han realizado diversos esfuerzos, pero no se han logrado los resultados necesarios, por ello, con el trabajo que est\u00e1n proyectando, conf\u00edan en obtener mejoras, al insistir que las acciones que buscan implementar trascienden gobiernos, periodos, pretenden tener una ruta id\u00f3nea sin presiones por los tiempos.<\/p>\n","protected":false},"excerpt":{"rendered":"<p>El plan lo construye el Consejo Quintanarroense para la Paz y Reconciliaci\u00f3n. El Consejo Quintanarroense para la Paz y Reconciliaci\u00f3n se encuentra elaborando el plan estrat\u00e9gico a 30 a\u00f1os, con&hellip;<\/p>\n","protected":false},"author":1,"featured_media":27243,"comment_status":"open","ping_status":"closed","sticky":false,"template":"","format":"standard","meta":{"footnotes":""},"categories":[4],"tags":[],"class_list":["post-27241","post","type-post","status-publish","format-standard","has-post-thumbnail","hentry","category-local"],"_links":{"self":[{"href":"https:\/\/radiogecko.com\/index.php?rest_route=\/wp\/v2\/posts\/27241","targetHints":{"allow":["GET"]}}],"collection":[{"href":"https:\/\/radiogecko.com\/index.php?rest_route=\/wp\/v2\/posts"}],"about":[{"href":"https:\/\/radiogecko.com\/index.php?rest_route=\/wp\/v2\/types\/post"}],"author":[{"embeddable":true,"href":"https:\/\/radiogecko.com\/index.php?rest_route=\/wp\/v2\/users\/1"}],"replies":[{"embeddable":true,"href":"https:\/\/radiogecko.com\/index.php?rest_route=%2Fwp%2Fv2%2Fcomments&post=27241"}],"version-history":[{"count":0,"href":"https:\/\/radiogecko.com\/index.php?rest_route=\/wp\/v2\/posts\/27241\/revisions"}],"wp:featuredmedia":[{"embeddable":true,"href":"https:\/\/radiogecko.com\/index.php?rest_route=\/wp\/v2\/media\/27243"}],"wp:attachment":[{"href":"https:\/\/radiogecko.com\/index.php?rest_route=%2Fwp%2Fv2%2Fmedia&parent=27241"}],"wp:term":[{"taxonomy":"category","embeddable":true,"href":"https:\/\/radiogecko.com\/index.php?rest_route=%2Fwp%2Fv2%2Fcategories&post=27241"},{"taxonomy":"post_tag","embeddable":true,"href":"https:\/\/radiogecko.com\/index.php?rest_route=%2Fwp%2Fv2%2Ftags&post=27241"}],"curies":[{"name":"wp","href":"https:\/\/api.w.org\/{rel}","templated":true}]}}