{"id":27332,"date":"2023-07-03T17:48:16","date_gmt":"2023-07-03T22:48:16","guid":{"rendered":"https:\/\/notidirectoplayadelcarmen.com\/?p=27332"},"modified":"2023-07-03T17:48:16","modified_gmt":"2023-07-03T22:48:16","slug":"invitados-y-actividades-confirmadas-para-la-feria-de-playa-del-carmen-2023","status":"publish","type":"post","link":"https:\/\/radiogecko.com\/?p=27332","title":{"rendered":"Invitados y actividades confirmadas para la Feria de Playa del Carmen 2023"},"content":{"rendered":"<div class=\"newsfull__excerpt\">\n<h4 style=\"text-align: center;\">En la\u00a0Feria de Playa del Carmen 2023 se confirmacon las presentaciones culturales y musicales con sus respectivas fechas<\/h4>\n<\/div>\n<div class=\"newsfull__line\">\n<div class=\"newsfull__author--media\">\n<p>La\u00a0<strong>Feria de Playa del Carmen 2023\u00a0<\/strong>se llevar\u00e1 a cabo en este mes de julio, faltando poco para que inicie junto con sus miles de sorpresas que todos esperan.<\/p>\n<div class=\"banner hide--mobile\">\n<p>A poco tiempo, se ha revelado la cartelera completa con las actividades y presentaciones confirmadas.<\/p>\n<h2>Fechas y ubicaci\u00f3n de la Feria de Playa del Carmen 2023<\/h2>\n<p>La\u00a0<strong>Feria de Playa del Carmen 2023\u00a0<\/strong>regresa este a\u00f1o con varios d\u00edas de diversi\u00f3n, siendo en total 10\u00a0<a href=\"https:\/\/topadventure.com\/cultura\/Fechas-y-todos-los-detalles-sobre-la-Feria-del-Carmen-20230626-0001.html\" target=\"_blank\" rel=\"noopener\">fechas<\/a>\u00a0que estar\u00e1 disponible. El d\u00eda de iniciaci\u00f3n ser\u00e1 el viernes 7 de julio, y cerrando hasta el domingo 16.<\/p>\n<div class=\"banner hide--mobile\">\n<p>Por lo que durante cada d\u00eda podr\u00e1s disfrutar de muchas presentaciones tanto culturales, como tambi\u00e9n art\u00edsticas, ya que habr\u00e1 varios\u00a0artistas\u00a0que estar\u00e1n presentes. Con respecto a las locaciones, algunas ubicaciones son el Recinto Ferial, Ave. CTM con calle 75 nortem Teatro del Pueblo, etc.<\/p>\n<div class=\"ck-related-news\">\n<div class=\"newsfull__related\">\n<div class=\"newsfull__related-content\">\n<h2>Actividades que disfrutar en la Feria de Playa del Carmen 2023<\/h2>\n<p>En la\u00a0\u00a0<strong>Feria de Playa del Carmen 2023<\/strong>\u00a0habr\u00e1 una serie de actividades las cuales variar\u00e1n en diferentes aspectos y que ser\u00e1n para todas las edades, y las cuales abarcar\u00e1n los d\u00edas de este importante\u00a0evento.<\/p>\n<p><strong>7 de julio (6:30pm-9:00 pm)<\/strong><\/p>\n<div class=\"banner hide--mobile\"><\/div>\n<ul>\n<li>Inauguraci\u00f3n del recinto ferial y Coronaci\u00f3n de la Reina 2023<\/li>\n<li>Presentaci\u00f3n Art\u00edstica con Talento Local<\/li>\n<li>Apertura de juegos mec\u00e1nicos<\/li>\n<li>Lucha libre<\/li>\n<\/ul>\n<p><strong>8 de julio (6:30pm-9:00 pm)<\/strong><\/p>\n<ul>\n<li>Cabalgata Feria de Playa del Carmen 2023<\/li>\n<li>Apertura de juegos mec\u00e1nicos<\/li>\n<li>Actividades Culturales, Recreativas y Gastron\u00f3micas<\/li>\n<li>Presentaci\u00f3n Art\u00edstico con Talento local<\/li>\n<li>Concierto de \u201cReik\u201d<\/li>\n<\/ul>\n<p><strong>9 de julio (6:30pm-9:00 pm)<\/strong><\/p>\n<ul>\n<li>Apertura de juegos mec\u00e1nicos<\/li>\n<li>Actividades Culturales, Recreativas y Gastron\u00f3micas<\/li>\n<li>Presentaci\u00f3n Art\u00edstico con Talento local<\/li>\n<li>Presentaci\u00f3n de \u201cKarenka\u201d<\/li>\n<\/ul>\n<p><strong>10 de julio (6:30pm-9:00 pm)<\/strong><\/p>\n<ul>\n<li>Apertura de juegos mec\u00e1nicos<\/li>\n<li>Actividades Culturales, Recreativas y Gastron\u00f3micas<\/li>\n<li>Presentaci\u00f3n Art\u00edstico con Talento local<\/li>\n<li>Show C\u00f3mico Regional con \u201cTila Mar\u00eda Sesto\u201d<\/li>\n<li>Cadetes de Linares \u201cEl tributo\u201d<\/li>\n<\/ul>\n<p><strong>11 de julio\u00a0(6:30pm-9:00 pm)<\/strong><\/p>\n<ul>\n<li>Apertura de juegos mec\u00e1nicos<\/li>\n<li>Actividades Culturales, Recreativas y Gastron\u00f3micas<\/li>\n<li>Presentaci\u00f3n Art\u00edstico con Talento local<\/li>\n<li>Baile popular con \u201cAlfredo El Pulpo y sus Teclados\u201d<\/li>\n<\/ul>\n<p><strong>12 de julio (6:30pm-9:00 pm)<\/strong><\/p>\n<ul>\n<li>Apertura de juegos mec\u00e1nicos<\/li>\n<li>Actividades Culturales, Recreativas y Gastron\u00f3micas<\/li>\n<li>Presentaci\u00f3n Art\u00edstico con Talento local<\/li>\n<li>Concierto con \u201cMariana Seoane\u201d<\/li>\n<\/ul>\n<p><strong>13 de julio (6:30pm-9:00 pm)<\/strong><\/p>\n<ul>\n<li>Apertura de juegos mec\u00e1nicos<\/li>\n<li>Actividades Culturales, Recreativas y Gastron\u00f3micas<\/li>\n<li>Presentaci\u00f3n Art\u00edstico con Talento local<\/li>\n<li>Concierto con \u201cHa Ash\u201d<\/li>\n<\/ul>\n<p><strong>14 de julio (6:30pm-9:00 pm)<\/strong><\/p>\n<ul>\n<li>Apertura de juegos mec\u00e1nicos<\/li>\n<li>Actividades Culturales, Recreativas y Gastron\u00f3micas<\/li>\n<li>Presentaci\u00f3n Art\u00edstico con Talento local<\/li>\n<li>Baile popular con \u201cSuper Lamos\u201d<\/li>\n<\/ul>\n<p><strong>15 de julio (6:30pm-9:00 pm)<\/strong><\/p>\n<ul>\n<li>Apertura de juegos mec\u00e1nicos<\/li>\n<li>Actividades Culturales, Recreativas y Gastron\u00f3micas<\/li>\n<li>Presentaci\u00f3n Art\u00edstico con Talento local<\/li>\n<li>Concierto con \u201cCa\u00f1averal\u201d<\/li>\n<\/ul>\n<p><strong>\u00a016 de julio (4:45 pm-8:00 pm)<\/strong><\/p>\n<ul>\n<li>Solemne procesi\u00f3n con la imagen de \u201cNuestra Se\u00f1ora del Carmen\u201d<\/li>\n<li>Paseo por el mar \u201cMar\u00eda Bendice y Protege a Playa del Carmen\u201d<\/li>\n<li>Apertura de juegos mec\u00e1nicos<\/li>\n<li>Santa Mar\u00eda Solemne en honor a la \u201cSant\u00edsima Virgen del Carmen\u201d<\/li>\n<li>Inicio de la Vaquer\u00eda con la \u201cOrquesta Jaranera Gameba\u201d<\/li>\n<\/ul>\n<div><\/div>\n<\/div>\n<\/div>\n<\/div>\n<\/div>\n<\/div>\n<\/div>\n<\/div>\n","protected":false},"excerpt":{"rendered":"<p>En la\u00a0Feria de Playa del Carmen 2023 se confirmacon las presentaciones culturales y musicales con sus respectivas fechas La\u00a0Feria de Playa del Carmen 2023\u00a0se llevar\u00e1 a cabo en este mes&hellip;<\/p>\n","protected":false},"author":1,"featured_media":27334,"comment_status":"open","ping_status":"closed","sticky":false,"template":"","format":"standard","meta":{"footnotes":""},"categories":[4],"tags":[],"class_list":["post-27332","post","type-post","status-publish","format-standard","has-post-thumbnail","hentry","category-local"],"_links":{"self":[{"href":"https:\/\/radiogecko.com\/index.php?rest_route=\/wp\/v2\/posts\/27332","targetHints":{"allow":["GET"]}}],"collection":[{"href":"https:\/\/radiogecko.com\/index.php?rest_route=\/wp\/v2\/posts"}],"about":[{"href":"https:\/\/radiogecko.com\/index.php?rest_route=\/wp\/v2\/types\/post"}],"author":[{"embeddable":true,"href":"https:\/\/radiogecko.com\/index.php?rest_route=\/wp\/v2\/users\/1"}],"replies":[{"embeddable":true,"href":"https:\/\/radiogecko.com\/index.php?rest_route=%2Fwp%2Fv2%2Fcomments&post=27332"}],"version-history":[{"count":0,"href":"https:\/\/radiogecko.com\/index.php?rest_route=\/wp\/v2\/posts\/27332\/revisions"}],"wp:featuredmedia":[{"embeddable":true,"href":"https:\/\/radiogecko.com\/index.php?rest_route=\/wp\/v2\/media\/27334"}],"wp:attachment":[{"href":"https:\/\/radiogecko.com\/index.php?rest_route=%2Fwp%2Fv2%2Fmedia&parent=27332"}],"wp:term":[{"taxonomy":"category","embeddable":true,"href":"https:\/\/radiogecko.com\/index.php?rest_route=%2Fwp%2Fv2%2Fcategories&post=27332"},{"taxonomy":"post_tag","embeddable":true,"href":"https:\/\/radiogecko.com\/index.php?rest_route=%2Fwp%2Fv2%2Ftags&post=27332"}],"curies":[{"name":"wp","href":"https:\/\/api.w.org\/{rel}","templated":true}]}}