{"id":27335,"date":"2023-07-03T17:50:10","date_gmt":"2023-07-03T22:50:10","guid":{"rendered":"https:\/\/notidirectoplayadelcarmen.com\/?p=27335"},"modified":"2023-07-03T17:50:10","modified_gmt":"2023-07-03T22:50:10","slug":"es-oficial-anuncian-la-feria-de-playa-del-carmen-2023-con-actividades-especiales","status":"publish","type":"post","link":"https:\/\/radiogecko.com\/?p=27335","title":{"rendered":"\u00a1Es oficial! Anuncian la Feria de Playa del Carmen 2023 con actividades especiales"},"content":{"rendered":"<header class=\"main-article--header\">\n<h4 class=\"bajada\" style=\"text-align: center;\">Planifica un viaje a Playa del Carmen y disfruta esta feria con varias actividades que te encantar\u00e1n<\/h4>\n<\/header>\n<div class=\"margen-top1\">\n<p>Adem\u00e1s de ser uno de los destinos m\u00e1s encantadores de M\u00e9xico,\u00a0<strong>Playa del Carmen<\/strong>\u00a0estar\u00e1 en boca de muchos turistas que deseen conocer sus encantos naturales y al mismo tiempo quieran ser parte de una de las fiestas m\u00e1s concurridas de este lugar, ya que se aproxima la\u00a0<strong>Feria de Playa del Carmen 2023.<\/strong><\/p>\n<p>Este es uno de los eventos m\u00e1s importantes para los playenses pues en esta ocasi\u00f3n se conmemora el aniversario n\u00famero 30 de la ciudad y viene acompa\u00f1ado de eventos y actividades muy atractivas para\u00a0<strong>el disfrute de todos los viajeros<\/strong>\u00a0que decidan pasar sus tardes en\u00a0<strong>este bello destino costero<\/strong>\u00a0en nuestro pa\u00eds.<\/p>\n<h2><strong>\u00bfCu\u00e1ndo es la Feria de Playa del Carmen 2023?\u00a0<\/strong><\/h2>\n<p>Prepara tu traje de ba\u00f1o para visitar estas bellas playas\u00a0<strong>del 7 al 16 de julio<\/strong>\u00a0pues ser\u00e1n los d\u00edas en que podr\u00e1s disfrutar esta enorme fiesta acompa\u00f1ado de incre\u00edbles playas, un sol abrazador para tomar un rico bronceado y algunos eventos que har\u00e1n m\u00e1s amenas tus tardes si es que tienes programado un viaje hacia la sureste mexicano,<strong>\u00a0que destaca por ser un para\u00edso natural.\u00a0<\/strong><\/p>\n<h2><strong>\u00bfD\u00f3nde ser\u00e1 esta feria?\u00a0<\/strong><\/h2>\n<p>El recinto en el que se llevar\u00e1n a cabo l<strong>a mayor\u00eda de las actividades<\/strong>\u00a0y eventos es el recinto ferial, ubicado en Avenida CTM con Calle 75 Norte, donde te esperan noches muy entretenidas que podr\u00e1s compartir con tus seres queridos o entre amigos al conocer los encantos m\u00e1s espectaculares de este destino nacional lleno de\u00a0<strong>sitios por explorar.\u00a0<\/strong><\/p>\n<h2><strong>\u00bfCu\u00e1les son las actividades para\u00a0la Feria de Playa del Carmen 2023?<\/strong><\/h2>\n<p>Aqu\u00ed te compartimos\u00a0<strong>un listado<\/strong>\u00a0con los eventos y actividades m\u00e1s destacadas para esta feria, as\u00ed que ve armando tu itinerario para conocer los que te llamen la atenci\u00f3n durante\u00a0<strong>tus vacaciones<\/strong>:<\/p>\n<ul>\n<li><strong>7 de julio: Inauguraci\u00f3n del recinto ferial y coronaci\u00f3n de la Reina 2023. Lucha libre y presentaciones locales de talento.\u00a0<\/strong><\/li>\n<li>8 de julio: Concierto de Reik, Cabalgata y apertura de juegos mec\u00e1nicos al p\u00fablico en general.<\/li>\n<li><strong>9 de julio: Presentaci\u00f3n de Karenka, juegos mec\u00e1nicos, actividades gastron\u00f3micas, culturales, art\u00edsticas y recreativas.\u00a0<\/strong><\/li>\n<li>10 de julio: Tila Mar\u00eda Sesto y Cadetes de Linares \u201cEl Tributo\u201d.<\/li>\n<li><strong>11 de julio: Alfredo El Pulpo y sus Teclados.\u00a0<\/strong><\/li>\n<li>12 de julio: Concierto de Mar\u00eda Seoane.<\/li>\n<li><strong>13 de julio: Ha Ash en concierto.\u00a0<\/strong><\/li>\n<li>14 de julio: Los Super Lamas en concierto.<\/li>\n<li><strong>15 de julio: Ca\u00f1averal en concierto.\u00a0<\/strong><\/li>\n<li>16 de julio: Inicio de la vaquer\u00eda con la \u201cOrquesta Jaranera Gameba\u201d.Del 7 al 16 de julio, las actividades dar\u00e1n inicio\u00a0<strong>a partir de las 6:30 de la tarde y hasta las 9:30 de la noche<\/strong>, excepto el d\u00eda 8 de julio que iniciar\u00e1n a partir de las 8:00 de la ma\u00f1ana con la cabalgata y el cierre de actividades, pues comenzar\u00e1n a partir de las 4:45 de la tarde y durar\u00e1n hasta las 8:00 de la noche. Cada una de estas tendr\u00e1 diferentes horarios y puedes armar tu recorrido de acuerdo a ellos para\u00a0<strong>no perderte ninguna.<\/strong>\n<div class=\"tags-cloud\"><\/div>\n<\/li>\n<\/ul>\n<\/div>\n<div class=\"main-article--body\"><\/div>\n","protected":false},"excerpt":{"rendered":"<p>Planifica un viaje a Playa del Carmen y disfruta esta feria con varias actividades que te encantar\u00e1n Adem\u00e1s de ser uno de los destinos m\u00e1s encantadores de M\u00e9xico,\u00a0Playa del Carmen\u00a0estar\u00e1&hellip;<\/p>\n","protected":false},"author":1,"featured_media":27337,"comment_status":"open","ping_status":"closed","sticky":false,"template":"","format":"standard","meta":{"footnotes":""},"categories":[4],"tags":[],"class_list":["post-27335","post","type-post","status-publish","format-standard","has-post-thumbnail","hentry","category-local"],"_links":{"self":[{"href":"https:\/\/radiogecko.com\/index.php?rest_route=\/wp\/v2\/posts\/27335","targetHints":{"allow":["GET"]}}],"collection":[{"href":"https:\/\/radiogecko.com\/index.php?rest_route=\/wp\/v2\/posts"}],"about":[{"href":"https:\/\/radiogecko.com\/index.php?rest_route=\/wp\/v2\/types\/post"}],"author":[{"embeddable":true,"href":"https:\/\/radiogecko.com\/index.php?rest_route=\/wp\/v2\/users\/1"}],"replies":[{"embeddable":true,"href":"https:\/\/radiogecko.com\/index.php?rest_route=%2Fwp%2Fv2%2Fcomments&post=27335"}],"version-history":[{"count":0,"href":"https:\/\/radiogecko.com\/index.php?rest_route=\/wp\/v2\/posts\/27335\/revisions"}],"wp:featuredmedia":[{"embeddable":true,"href":"https:\/\/radiogecko.com\/index.php?rest_route=\/wp\/v2\/media\/27337"}],"wp:attachment":[{"href":"https:\/\/radiogecko.com\/index.php?rest_route=%2Fwp%2Fv2%2Fmedia&parent=27335"}],"wp:term":[{"taxonomy":"category","embeddable":true,"href":"https:\/\/radiogecko.com\/index.php?rest_route=%2Fwp%2Fv2%2Fcategories&post=27335"},{"taxonomy":"post_tag","embeddable":true,"href":"https:\/\/radiogecko.com\/index.php?rest_route=%2Fwp%2Fv2%2Ftags&post=27335"}],"curies":[{"name":"wp","href":"https:\/\/api.w.org\/{rel}","templated":true}]}}