{"id":27465,"date":"2023-07-07T17:20:15","date_gmt":"2023-07-07T22:20:15","guid":{"rendered":"https:\/\/radiogecko.com\/?p=27465"},"modified":"2023-07-07T22:20:23","modified_gmt":"2023-07-07T22:20:23","slug":"mexico-produjo-casi-1-9-millones-de-autos-en-el-1s23-13-9-mas-que-en-2022","status":"publish","type":"post","link":"https:\/\/radiogecko.com\/?p=27465","title":{"rendered":"M\u00e9xico produjo casi 1.9 millones de autos en el 1S23, 13.9% m\u00e1s que en 2022"},"content":{"rendered":"<h4 style=\"text-align: center;\">La\u00a0<b>industria automotriz<\/b>\u00a0consolid\u00f3 un primer semestre con datos alentadores. Tanto las ventas, como la producci\u00f3n y exportaci\u00f3n de autos ligeros en M\u00e9xico mostraron crecimientos anuales de entre el 10 y el 20%, lo que refleja un mayor dinamismo y recuperaci\u00f3n en el sector.<\/h4>\n<div class=\"google-auto-placed ap_container\">\n<p><b>M\u00e9xico fabric\u00f3 1 mill\u00f3n 892,635 veh\u00edculos en los primeros seis meses de 2023<\/b>, lo que representa un repunte de 13.92% frente al mismo periodo del a\u00f1o previo, de acuerdo con informaci\u00f3n del Instituto Nacional de Estad\u00edstica y Geograf\u00eda (Inegi) y la Asociaci\u00f3n Mexicana de la Industria Automotriz (AMIA).<\/p>\n<p>Los camiones ligeros representaron 76.5% del total producido, mientras que el resto correspondi\u00f3 a la fabricaci\u00f3n de autom\u00f3viles.<\/p>\n<p>Tan s\u00f3lo en el mes de junio,\u00a0<b>la producci\u00f3n de autos alcanz\u00f3 las 331,707 unidades<\/b>, 16.26% m\u00e1s que en junio de 2022. Sin embargo, en comparaci\u00f3n mensual, la fabricaci\u00f3n de veh\u00edculos en M\u00e9xico desaceler\u00f3 en 3.63%.<\/p>\n<div class=\"google-auto-placed ap_container\">\n<p>Para un mismo mes,\u00a0<b>la cifra totalizada de producci\u00f3n de autos en junio fue la mejor desde 2019<\/b>, cuando se fabricaron 342,854 unidades.<\/p>\n<h2 id=\"exportacion-de-autos-asciende-a-1-56-millones-de-unidades\"><b>Exportaci\u00f3n de autos asciende a 1.56 millones de unidades\u00a0<\/b><\/h2>\n<p><b>La exportaci\u00f3n de autos ligeros en M\u00e9xico increment\u00f3 11% anual\u00a0<\/b>a 1 mill\u00f3n 560,206 unidades en el primer semestre del a\u00f1o.<\/p>\n<p>En junio,<b>\u00a0el env\u00edo de autos al extranjero totaliz\u00f3 las 286,291 unidades<\/b>, lo que representa un aumento de 20.46% en comparaci\u00f3n con el mismo mes del a\u00f1o previo y un peque\u00f1o repunte de 2.51% respecto a mayo pasado.<\/p>\n<\/div>\n<\/div>\n","protected":false},"excerpt":{"rendered":"<p>La\u00a0industria automotriz\u00a0consolid\u00f3 un primer semestre con datos alentadores. Tanto las ventas, como la producci\u00f3n y exportaci\u00f3n de autos ligeros en M\u00e9xico mostraron crecimientos anuales de entre el 10 y el&hellip;<\/p>\n","protected":false},"author":1,"featured_media":27467,"comment_status":"open","ping_status":"closed","sticky":false,"template":"","format":"standard","meta":{"footnotes":""},"categories":[2],"tags":[],"class_list":["post-27465","post","type-post","status-publish","format-standard","has-post-thumbnail","hentry","category-nacional"],"_links":{"self":[{"href":"https:\/\/radiogecko.com\/index.php?rest_route=\/wp\/v2\/posts\/27465","targetHints":{"allow":["GET"]}}],"collection":[{"href":"https:\/\/radiogecko.com\/index.php?rest_route=\/wp\/v2\/posts"}],"about":[{"href":"https:\/\/radiogecko.com\/index.php?rest_route=\/wp\/v2\/types\/post"}],"author":[{"embeddable":true,"href":"https:\/\/radiogecko.com\/index.php?rest_route=\/wp\/v2\/users\/1"}],"replies":[{"embeddable":true,"href":"https:\/\/radiogecko.com\/index.php?rest_route=%2Fwp%2Fv2%2Fcomments&post=27465"}],"version-history":[{"count":1,"href":"https:\/\/radiogecko.com\/index.php?rest_route=\/wp\/v2\/posts\/27465\/revisions"}],"predecessor-version":[{"id":27466,"href":"https:\/\/radiogecko.com\/index.php?rest_route=\/wp\/v2\/posts\/27465\/revisions\/27466"}],"wp:featuredmedia":[{"embeddable":true,"href":"https:\/\/radiogecko.com\/index.php?rest_route=\/wp\/v2\/media\/27467"}],"wp:attachment":[{"href":"https:\/\/radiogecko.com\/index.php?rest_route=%2Fwp%2Fv2%2Fmedia&parent=27465"}],"wp:term":[{"taxonomy":"category","embeddable":true,"href":"https:\/\/radiogecko.com\/index.php?rest_route=%2Fwp%2Fv2%2Fcategories&post=27465"},{"taxonomy":"post_tag","embeddable":true,"href":"https:\/\/radiogecko.com\/index.php?rest_route=%2Fwp%2Fv2%2Ftags&post=27465"}],"curies":[{"name":"wp","href":"https:\/\/api.w.org\/{rel}","templated":true}]}}