{"id":27558,"date":"2023-07-10T14:05:34","date_gmt":"2023-07-10T19:05:34","guid":{"rendered":"https:\/\/radiogecko.com\/?p=27558"},"modified":"2023-07-10T19:05:43","modified_gmt":"2023-07-10T19:05:43","slug":"el-gobierno-de-mexico-reconoce-la-sentencia-contra-el-responsable-de-la-masacre-en-el-walmart-de-el-paso-texas","status":"publish","type":"post","link":"https:\/\/radiogecko.com\/?p=27558","title":{"rendered":"El Gobierno de M\u00e9xico &quot;reconoce la sentencia&quot; contra el responsable de la masacre en el Walmart de El Paso, Texas"},"content":{"rendered":"<p>El Gobierno de M\u00e9xico dijo en un comunicado de prensa que \u00abreconoce la sentencia al perpetrador del tiroteo en El Paso, Texas, en 2019\u00bb.<\/p>\n<p>En el ataque murieron 23 personas, incluidos nueve ciudadanos mexicanos, y otras 23 personas resultaron heridas, se\u00f1ala el comunicado.<\/p>\n<p>&nbsp;<\/p>\n<p>A trav\u00e9s de la Canciller\u00eda, el Gobierno de Andr\u00e9s Manuel L\u00f3pez Obrador dice que \u00abreconoce la decisi\u00f3n tomada\u00bb por el juez David G. Guadarrama.<\/p>\n<p>Para la Secretar\u00eda de Relaciones Exteriores de M\u00e9xico, con la sentencia, \u00abse reitera una clara condena en contra del discurso de odio, la xenofobia, el supremacismo blanco y de cualquier acto de violencia\u201d.<\/p>\n<p>El Consulado General de M\u00e9xico en El Paso, dice la Canciller\u00eda mexicana, \u201ccontinuar\u00e1 dando seguimiento al proceso judicial que enfrentar\u00e1 el acusado ante el estado de Texas, as\u00ed como a la atenci\u00f3n que las v\u00edctimas y sus familiares pudieran requerir\u201d.<\/p>\n","protected":false},"excerpt":{"rendered":"<p>El Gobierno de M\u00e9xico dijo en un comunicado de prensa que \u00abreconoce la sentencia al perpetrador del tiroteo en El Paso, Texas, en 2019\u00bb. En el ataque murieron 23 personas,&hellip;<\/p>\n","protected":false},"author":1,"featured_media":27560,"comment_status":"open","ping_status":"closed","sticky":false,"template":"","format":"standard","meta":{"footnotes":""},"categories":[2],"tags":[],"class_list":["post-27558","post","type-post","status-publish","format-standard","has-post-thumbnail","hentry","category-nacional"],"_links":{"self":[{"href":"https:\/\/radiogecko.com\/index.php?rest_route=\/wp\/v2\/posts\/27558","targetHints":{"allow":["GET"]}}],"collection":[{"href":"https:\/\/radiogecko.com\/index.php?rest_route=\/wp\/v2\/posts"}],"about":[{"href":"https:\/\/radiogecko.com\/index.php?rest_route=\/wp\/v2\/types\/post"}],"author":[{"embeddable":true,"href":"https:\/\/radiogecko.com\/index.php?rest_route=\/wp\/v2\/users\/1"}],"replies":[{"embeddable":true,"href":"https:\/\/radiogecko.com\/index.php?rest_route=%2Fwp%2Fv2%2Fcomments&post=27558"}],"version-history":[{"count":1,"href":"https:\/\/radiogecko.com\/index.php?rest_route=\/wp\/v2\/posts\/27558\/revisions"}],"predecessor-version":[{"id":27559,"href":"https:\/\/radiogecko.com\/index.php?rest_route=\/wp\/v2\/posts\/27558\/revisions\/27559"}],"wp:featuredmedia":[{"embeddable":true,"href":"https:\/\/radiogecko.com\/index.php?rest_route=\/wp\/v2\/media\/27560"}],"wp:attachment":[{"href":"https:\/\/radiogecko.com\/index.php?rest_route=%2Fwp%2Fv2%2Fmedia&parent=27558"}],"wp:term":[{"taxonomy":"category","embeddable":true,"href":"https:\/\/radiogecko.com\/index.php?rest_route=%2Fwp%2Fv2%2Fcategories&post=27558"},{"taxonomy":"post_tag","embeddable":true,"href":"https:\/\/radiogecko.com\/index.php?rest_route=%2Fwp%2Fv2%2Ftags&post=27558"}],"curies":[{"name":"wp","href":"https:\/\/api.w.org\/{rel}","templated":true}]}}