{"id":27615,"date":"2023-07-12T15:54:50","date_gmt":"2023-07-12T20:54:50","guid":{"rendered":"https:\/\/radiogecko.com\/?p=27615"},"modified":"2023-07-12T20:54:59","modified_gmt":"2023-07-12T20:54:59","slug":"mexico-registra-record-de-mas-de-74-mil-solicitudes-de-refugio","status":"publish","type":"post","link":"https:\/\/radiogecko.com\/?p=27615","title":{"rendered":"M\u00e9xico registra r\u00e9cord de m\u00e1s de 74 mil solicitudes de refugio"},"content":{"rendered":"<h4 style=\"text-align: center;\">En el primer semestre de 2023, la Comar registr\u00f3 74 mil 764 solicitudes de refugio por parte de migrantes, un aumento del 28%<\/h4>\n<div class=\"mvp-author-info-wrap left relative\">\n<div class=\"mvp-author-info-thumb left relative\">\n<div class=\"wp-block-columns is-layout-flex wp-container-2\">\n<div class=\"wp-block-column is-layout-flow\">\n<h6 id=\"h-en-el-primer-semestre-de-2023-la-comar-registro-74-mil-764-solicitudes-de-refugio-por-parte-de-migrantes\" class=\"wp-block-heading\"><em>En el primer semestre de 2023, la Comar registr\u00f3 74 mil 764 solicitudes de refugio por parte de migrantes<\/em><\/h6>\n<\/div>\n<\/div>\n<p>El n\u00famero de<strong>\u00a0solicitudes de refugio<\/strong>\u00a0en M\u00e9xico durante el primer semestre de 2023 registr\u00f3 una cifra r\u00e9cord de\u00a0<strong>74 mil 764\u00a0migrantes<\/strong>.<\/p>\n<p>Dicha cifra representa un\u00a0<strong>aumento del 28%<\/strong>\u00a0respecto al mismo periodo del a\u00f1o pasado, cuando se recibieron 58 mil 283.<\/p>\n<p>La Comisi\u00f3n Mexicana de Ayuda a Refugiados (Comar), detall\u00f3 que l<strong>a cifra de peticiones recibidas en junio\u00a0<\/strong>tambi\u00e9n es superior a la de los a\u00f1os anteriores, igual que sucedi\u00f3 en los cinco meses pasados.<\/p>\n<p>De continuar con esta tendencia, M\u00e9xico podr\u00eda registrar cifras in\u00e9ditas de solicitudes de refugio en los pr\u00f3ximos meses.<\/p>\n<p>Esto se da en un contexto marcado por las\u00a0<strong>restricciones migratorias impuestas por Estados Unidos<\/strong>, destino de muchos de los extranjeros que atraviesan el pa\u00eds.<\/p>\n<p>Cabe recordar que este 11 de julio se cumplieron dos meses desde la derogaci\u00f3n del T\u00edtulo 42, una ley sanitaria de Estados Unidos para deportar a\u00a0<strong>2.8 millones de migrantes<\/strong>\u00a0bajo el argumento de la pandemia de COVID-19.<\/p>\n<p>De acuerdo con expertos en la materia, esta ley ha provocado que cada vez m\u00e1s migrantes decidan solicitar refugio y establecerse en M\u00e9xico.<\/p>\n<h2 class=\"wp-block-heading\"><strong>Haitianos, quienes registran m\u00e1s solicitudes<\/strong><\/h2>\n<p>Seg\u00fan informaci\u00f3n de la Comar,\u00a0<strong>las y los haitianos son quienes m\u00e1s acuden a esta dependencia<\/strong>\u00a0para intentar conseguir refugio en nuestro pa\u00eds.<\/p>\n<p>En el primer semestre del a\u00f1o, los haitianos registraron\u00a0<strong>29 mil 532 solicitudes<\/strong>, seguidos por los hondure\u00f1os (18 mil 210), los cubanos (cinco mil 34), los venezolanos (tres mil 511) y los salvadore\u00f1os (tres mil 408).<\/p>\n<p><strong>Tapachula<\/strong>, municipio del estado de Chiapas fronterizo con Guatemala, aglutina la mayor\u00eda de estas solicitudes (<strong>39 mil 252<\/strong>), seguida por Ciudad de M\u00e9xico (17 mil 99) y Veracruz (tres mil 934).<\/p>\n<\/div>\n<div class=\"mvp-author-info-text left relative\"><\/div>\n<\/div>\n","protected":false},"excerpt":{"rendered":"<p>En el primer semestre de 2023, la Comar registr\u00f3 74 mil 764 solicitudes de refugio por parte de migrantes, un aumento del 28% En el primer semestre de 2023, la&hellip;<\/p>\n","protected":false},"author":1,"featured_media":27617,"comment_status":"open","ping_status":"closed","sticky":false,"template":"","format":"standard","meta":{"footnotes":""},"categories":[2],"tags":[],"class_list":["post-27615","post","type-post","status-publish","format-standard","has-post-thumbnail","hentry","category-nacional"],"_links":{"self":[{"href":"https:\/\/radiogecko.com\/index.php?rest_route=\/wp\/v2\/posts\/27615","targetHints":{"allow":["GET"]}}],"collection":[{"href":"https:\/\/radiogecko.com\/index.php?rest_route=\/wp\/v2\/posts"}],"about":[{"href":"https:\/\/radiogecko.com\/index.php?rest_route=\/wp\/v2\/types\/post"}],"author":[{"embeddable":true,"href":"https:\/\/radiogecko.com\/index.php?rest_route=\/wp\/v2\/users\/1"}],"replies":[{"embeddable":true,"href":"https:\/\/radiogecko.com\/index.php?rest_route=%2Fwp%2Fv2%2Fcomments&post=27615"}],"version-history":[{"count":1,"href":"https:\/\/radiogecko.com\/index.php?rest_route=\/wp\/v2\/posts\/27615\/revisions"}],"predecessor-version":[{"id":27616,"href":"https:\/\/radiogecko.com\/index.php?rest_route=\/wp\/v2\/posts\/27615\/revisions\/27616"}],"wp:featuredmedia":[{"embeddable":true,"href":"https:\/\/radiogecko.com\/index.php?rest_route=\/wp\/v2\/media\/27617"}],"wp:attachment":[{"href":"https:\/\/radiogecko.com\/index.php?rest_route=%2Fwp%2Fv2%2Fmedia&parent=27615"}],"wp:term":[{"taxonomy":"category","embeddable":true,"href":"https:\/\/radiogecko.com\/index.php?rest_route=%2Fwp%2Fv2%2Fcategories&post=27615"},{"taxonomy":"post_tag","embeddable":true,"href":"https:\/\/radiogecko.com\/index.php?rest_route=%2Fwp%2Fv2%2Ftags&post=27615"}],"curies":[{"name":"wp","href":"https:\/\/api.w.org\/{rel}","templated":true}]}}