{"id":27618,"date":"2023-07-12T15:56:45","date_gmt":"2023-07-12T20:56:45","guid":{"rendered":"https:\/\/radiogecko.com\/?p=27618"},"modified":"2023-07-12T20:56:54","modified_gmt":"2023-07-12T20:56:54","slug":"mexico-con-un-presupuesto-insuficiente-para-hacer-frente-a-los-embates-del-cambio-climatico","status":"publish","type":"post","link":"https:\/\/radiogecko.com\/?p=27618","title":{"rendered":"M\u00e9xico, con un presupuesto insuficiente para hacer frente a los embates del cambio clim\u00e1tico"},"content":{"rendered":"<p>El cambio clim\u00e1tico representa un gran desaf\u00edo para la econom\u00eda de M\u00e9xico,<strong>\u00a0debido a que el presupuesto destinado para combatirlo podr\u00eda ser insuficiente<\/strong>\u00a0y esto generar\u00e1 mayores costos a largo plazo, coinciden especialistas.<\/p>\n<p><q>El cambio clim\u00e1tico representa un desaf\u00edo econ\u00f3mico, ya que al hacerse cada vez m\u00e1s extremo ocurren fen\u00f3menos naturales que obligan a los pa\u00edses y empresas a enfrentar gastos inesperados<\/q>De acuerdo con un estudio elaborado por el Centro de Investigaci\u00f3n Econ\u00f3mica y Presupuestaria (CIEP),\u00a0<strong>en M\u00e9xico se planea destinar una suma de 133,330 millones de pesos en acciones de mitigaci\u00f3n y adaptaci\u00f3n a la crisis clim\u00e1tica<\/strong>.<\/p>\n<p>El financiamiento que destina este a\u00f1o M\u00e9xico para el calentamiento global se compone de: 59,600 millones de pesos del Presupuesto de Egresos de la Federaci\u00f3n (PEF); fondos p\u00fablicos por 316 millones e instrumentos financieros verdes por 73,354 millones de pesos.<\/p>\n<p><strong>Esta suma equivale al 0.4% del Producto Interno Bruto (PIB),\u00a0<\/strong>seg\u00fan los c\u00e1lculos del CIEP.<\/p>\n<p><strong>Los recursos destinados para combatir dicha problem\u00e1tica muestran un incremento del 151.2%<\/strong>, espec\u00edficamente entre los a\u00f1os 2017 y 2023.<\/p>\n<div class=\"google-auto-placed ap_container\">\n<p>Sin embargo, \u201c<strong>el monto que planea destinar M\u00e9xico para enfrentar el cambio clim\u00e1tico no ser\u00e1 suficiente<\/strong>\u00a0y para lograr cumplir con las obligaciones se tendr\u00e1 que contar con un mayor participaci\u00f3n del sector privado\u201d, consider\u00f3 Ar\u00e9chiga Ram\u00edrez.<\/p>\n<p>\u201cEs esencial que los recursos p\u00fablicos destinados a enfrentar el cambio clim\u00e1tico sean suficientes para cumplir con los objetivos ambientales y sociales,\u00a0<strong>adem\u00e1s de ser eficientes tanto en la respuesta a los desaf\u00edos clim\u00e1ticos como en la sostenibilidad fiscal del pa\u00eds<\/strong>\u201d, explica el an\u00e1lisis del CIEP.<\/p>\n<p>Por su parte, Janneth Quiroz, subdirectora de an\u00e1lisis econ\u00f3mico de Monex, se\u00f1al\u00f3 que\u00a0<strong>\u201clo importante es que M\u00e9xico contin\u00fae apeg\u00e1ndose a los planes establecidos en el \u00e1mbito nacional e internacional,\u00a0<\/strong>ya que esto permitir\u00e1 impulsar un crecimiento sustentable\u201d.<\/p>\n<h2 id=\"aplicacion-efectiva-de-recursos\"><strong>Aplicaci\u00f3n efectiva de recursos\u00a0<\/strong><\/h2>\n<p>El an\u00e1lisis elaborado por el CIEP menciona que M\u00e9xico debe garantizar la aplicaci\u00f3n efectiva de recursos para combatir el cambio clim\u00e1tico, porque de lo contrario<strong>\u00a0cerca de 1,448 municipios del pa\u00eds enfrentar\u00e1n condiciones de vulnerabilidad<\/strong>\u00a0muy alta o alta en el futuro.<\/p>\n<p><q>Dif\u00edcilmente se podr\u00e1 garantizar la aplicaci\u00f3n de estos recursos, ya que las acciones implementadas por la presente administraci\u00f3n son contrarias<\/q><\/p>\n<p>A largo plazo, los costos del calentamiento global en M\u00e9xico podr\u00edan representar por lo menos el 6.9% del PIB hacia el a\u00f1o 2050. Mientras que\u00a0<strong>hacia el a\u00f1o 2100, el costo ser\u00eda de hasta 18.4% del PIB de nuestro pa\u00eds.\u00a0<\/strong><\/p>\n<p>\u201cAtender el cambio clim\u00e1tico es un reto muy importante para M\u00e9xico y<strong>\u00a0el problema es que no existe una capacidad fiscal para abordarlo<\/strong>, es decir que los recursos destinados ser\u00edan insuficientes\u201d, a\u00f1adi\u00f3 Salazar.<\/p>\n<p><q>No creo que M\u00e9xico logre cumplir los objetivos para detener el cambio clim\u00e1tico, esto generar\u00e1 un desaf\u00edo muy importante que implicar\u00e1 costos adicionales para la econom\u00eda<\/q><\/p>\n<\/div>\n","protected":false},"excerpt":{"rendered":"<p>El cambio clim\u00e1tico representa un gran desaf\u00edo para la econom\u00eda de M\u00e9xico,\u00a0debido a que el presupuesto destinado para combatirlo podr\u00eda ser insuficiente\u00a0y esto generar\u00e1 mayores costos a largo plazo, coinciden&hellip;<\/p>\n","protected":false},"author":1,"featured_media":27620,"comment_status":"open","ping_status":"closed","sticky":false,"template":"","format":"standard","meta":{"footnotes":""},"categories":[2],"tags":[],"class_list":["post-27618","post","type-post","status-publish","format-standard","has-post-thumbnail","hentry","category-nacional"],"_links":{"self":[{"href":"https:\/\/radiogecko.com\/index.php?rest_route=\/wp\/v2\/posts\/27618","targetHints":{"allow":["GET"]}}],"collection":[{"href":"https:\/\/radiogecko.com\/index.php?rest_route=\/wp\/v2\/posts"}],"about":[{"href":"https:\/\/radiogecko.com\/index.php?rest_route=\/wp\/v2\/types\/post"}],"author":[{"embeddable":true,"href":"https:\/\/radiogecko.com\/index.php?rest_route=\/wp\/v2\/users\/1"}],"replies":[{"embeddable":true,"href":"https:\/\/radiogecko.com\/index.php?rest_route=%2Fwp%2Fv2%2Fcomments&post=27618"}],"version-history":[{"count":1,"href":"https:\/\/radiogecko.com\/index.php?rest_route=\/wp\/v2\/posts\/27618\/revisions"}],"predecessor-version":[{"id":27619,"href":"https:\/\/radiogecko.com\/index.php?rest_route=\/wp\/v2\/posts\/27618\/revisions\/27619"}],"wp:featuredmedia":[{"embeddable":true,"href":"https:\/\/radiogecko.com\/index.php?rest_route=\/wp\/v2\/media\/27620"}],"wp:attachment":[{"href":"https:\/\/radiogecko.com\/index.php?rest_route=%2Fwp%2Fv2%2Fmedia&parent=27618"}],"wp:term":[{"taxonomy":"category","embeddable":true,"href":"https:\/\/radiogecko.com\/index.php?rest_route=%2Fwp%2Fv2%2Fcategories&post=27618"},{"taxonomy":"post_tag","embeddable":true,"href":"https:\/\/radiogecko.com\/index.php?rest_route=%2Fwp%2Fv2%2Ftags&post=27618"}],"curies":[{"name":"wp","href":"https:\/\/api.w.org\/{rel}","templated":true}]}}