{"id":27624,"date":"2023-07-12T15:59:43","date_gmt":"2023-07-12T20:59:43","guid":{"rendered":"https:\/\/radiogecko.com\/?p=27624"},"modified":"2023-07-12T20:59:52","modified_gmt":"2023-07-12T20:59:52","slug":"el-gobierno-de-mexico-repatriara-los-restos-de-cinco-mexicanos-que-murieron-en-un-helicoptero-en-el-everest","status":"publish","type":"post","link":"https:\/\/radiogecko.com\/?p=27624","title":{"rendered":"El gobierno de M\u00e9xico repatriar\u00e1 los restos de cinco mexicanos que murieron en un helic\u00f3ptero en el Everest"},"content":{"rendered":"<div class=\"intro m-t-md\">\n<p>La canciller\u00eda de M\u00e9xico confirm\u00f3 el fallecimiento de 5 mexicanos en el accidente del helic\u00f3ptero en el que viajaban hacia el Everest, y ahora se realizan los tr\u00e1mites para la repatriaci\u00f3n de los cuerpos.<\/p>\n<\/div>\n","protected":false},"excerpt":{"rendered":"<p>La canciller\u00eda de M\u00e9xico confirm\u00f3 el fallecimiento de 5 mexicanos en el accidente del helic\u00f3ptero en el que viajaban hacia el Everest, y ahora se realizan los tr\u00e1mites para la&hellip;<\/p>\n","protected":false},"author":1,"featured_media":27626,"comment_status":"open","ping_status":"closed","sticky":false,"template":"","format":"standard","meta":{"footnotes":""},"categories":[9],"tags":[],"class_list":["post-27624","post","type-post","status-publish","format-standard","has-post-thumbnail","hentry","category-internacional"],"_links":{"self":[{"href":"https:\/\/radiogecko.com\/index.php?rest_route=\/wp\/v2\/posts\/27624","targetHints":{"allow":["GET"]}}],"collection":[{"href":"https:\/\/radiogecko.com\/index.php?rest_route=\/wp\/v2\/posts"}],"about":[{"href":"https:\/\/radiogecko.com\/index.php?rest_route=\/wp\/v2\/types\/post"}],"author":[{"embeddable":true,"href":"https:\/\/radiogecko.com\/index.php?rest_route=\/wp\/v2\/users\/1"}],"replies":[{"embeddable":true,"href":"https:\/\/radiogecko.com\/index.php?rest_route=%2Fwp%2Fv2%2Fcomments&post=27624"}],"version-history":[{"count":1,"href":"https:\/\/radiogecko.com\/index.php?rest_route=\/wp\/v2\/posts\/27624\/revisions"}],"predecessor-version":[{"id":27625,"href":"https:\/\/radiogecko.com\/index.php?rest_route=\/wp\/v2\/posts\/27624\/revisions\/27625"}],"wp:featuredmedia":[{"embeddable":true,"href":"https:\/\/radiogecko.com\/index.php?rest_route=\/wp\/v2\/media\/27626"}],"wp:attachment":[{"href":"https:\/\/radiogecko.com\/index.php?rest_route=%2Fwp%2Fv2%2Fmedia&parent=27624"}],"wp:term":[{"taxonomy":"category","embeddable":true,"href":"https:\/\/radiogecko.com\/index.php?rest_route=%2Fwp%2Fv2%2Fcategories&post=27624"},{"taxonomy":"post_tag","embeddable":true,"href":"https:\/\/radiogecko.com\/index.php?rest_route=%2Fwp%2Fv2%2Ftags&post=27624"}],"curies":[{"name":"wp","href":"https:\/\/api.w.org\/{rel}","templated":true}]}}