{"id":27675,"date":"2023-07-14T15:27:05","date_gmt":"2023-07-14T20:27:05","guid":{"rendered":"https:\/\/radiogecko.com\/?p=27675"},"modified":"2023-07-14T20:27:13","modified_gmt":"2023-07-14T20:27:13","slug":"se-registra-sismo-de-magnitud-63-cerca-de-la-costa-de-chiapas-mexico","status":"publish","type":"post","link":"https:\/\/radiogecko.com\/?p=27675","title":{"rendered":"Se registra sismo de magnitud 6,3 cerca de la costa de Chiapas, M\u00e9xico"},"content":{"rendered":"<p>Un sismo de magnitud 6,3 se registr\u00f3 cerca de la costa del estado de Chiapas, en el sur de M\u00e9xico, seg\u00fan informaci\u00f3n del\u00a0Servicio Geol\u00f3gico de Estados Unidos (USGS).<\/p>\n<p>La Secretar\u00eda de Protecci\u00f3n Civil de Chiapas\u00a0inform\u00f3\u00a0que hizo un monitoreo por las regiones de ese estado y no se reportan da\u00f1os materiales ni v\u00edctimas.<\/p>\n<p>La profundidad del sismo en las costas de El Palmarcito fue de 35 k.m., seg\u00fan el USGS<\/p>\n","protected":false},"excerpt":{"rendered":"<p>Un sismo de magnitud 6,3 se registr\u00f3 cerca de la costa del estado de Chiapas, en el sur de M\u00e9xico, seg\u00fan informaci\u00f3n del\u00a0Servicio Geol\u00f3gico de Estados Unidos (USGS). La Secretar\u00eda&hellip;<\/p>\n","protected":false},"author":1,"featured_media":27677,"comment_status":"open","ping_status":"closed","sticky":false,"template":"","format":"standard","meta":{"footnotes":""},"categories":[2],"tags":[],"class_list":["post-27675","post","type-post","status-publish","format-standard","has-post-thumbnail","hentry","category-nacional"],"_links":{"self":[{"href":"https:\/\/radiogecko.com\/index.php?rest_route=\/wp\/v2\/posts\/27675","targetHints":{"allow":["GET"]}}],"collection":[{"href":"https:\/\/radiogecko.com\/index.php?rest_route=\/wp\/v2\/posts"}],"about":[{"href":"https:\/\/radiogecko.com\/index.php?rest_route=\/wp\/v2\/types\/post"}],"author":[{"embeddable":true,"href":"https:\/\/radiogecko.com\/index.php?rest_route=\/wp\/v2\/users\/1"}],"replies":[{"embeddable":true,"href":"https:\/\/radiogecko.com\/index.php?rest_route=%2Fwp%2Fv2%2Fcomments&post=27675"}],"version-history":[{"count":1,"href":"https:\/\/radiogecko.com\/index.php?rest_route=\/wp\/v2\/posts\/27675\/revisions"}],"predecessor-version":[{"id":27676,"href":"https:\/\/radiogecko.com\/index.php?rest_route=\/wp\/v2\/posts\/27675\/revisions\/27676"}],"wp:featuredmedia":[{"embeddable":true,"href":"https:\/\/radiogecko.com\/index.php?rest_route=\/wp\/v2\/media\/27677"}],"wp:attachment":[{"href":"https:\/\/radiogecko.com\/index.php?rest_route=%2Fwp%2Fv2%2Fmedia&parent=27675"}],"wp:term":[{"taxonomy":"category","embeddable":true,"href":"https:\/\/radiogecko.com\/index.php?rest_route=%2Fwp%2Fv2%2Fcategories&post=27675"},{"taxonomy":"post_tag","embeddable":true,"href":"https:\/\/radiogecko.com\/index.php?rest_route=%2Fwp%2Fv2%2Ftags&post=27675"}],"curies":[{"name":"wp","href":"https:\/\/api.w.org\/{rel}","templated":true}]}}