{"id":27744,"date":"2023-07-15T12:47:54","date_gmt":"2023-07-15T17:47:54","guid":{"rendered":"https:\/\/radiogecko.com\/?p=27744"},"modified":"2023-07-15T17:48:03","modified_gmt":"2023-07-15T17:48:03","slug":"el-cine-volvio-a-ser-una-industria-en-mexico-sarah-hoch","status":"publish","type":"post","link":"https:\/\/radiogecko.com\/?p=27744","title":{"rendered":"El cine volvi\u00f3 a ser una industria en M\u00e9xico: Sarah Hoch"},"content":{"rendered":"<h4 class=\"subtitle\" style=\"text-align: center;\">La directora del GIFF platic\u00f3 con OEM y dijo que el cine est\u00e1 luchando para no ser afectado por la Inteligencia Artificial y para crear sociedades m\u00e1s humanas y pensantes<\/h4>\n<div class=\"lead-gallery \">\n<div class=\"teaser  owl-carousel owl-theme\">\n<div class=\"owl-wrapper-outer\">\n<div class=\"owl-wrapper\">\n<div class=\"owl-item\">\n<div class=\"img-container picture\">\n<div id=\"standard_1\" class=\"st-placement standard_1 inImage\">\n<div class=\"st-adunit st-adunit-tagged st-reset st-show\">\n<div class=\"st-adunit-ad st-reset\">\n<div class=\"st-display-render st-reset open 728x90\">\n<div class=\"st-canvas st-reset horizontal-static\">\n<div class=\"x-to-close st-reset\"><b>Por primera vez en muchos a\u00f1os<\/b>, d\u00e9cadas, quiz\u00e1,\u00a0<b>el\u00a0<u>cine mexicano<\/u><\/b>\u00a0logr\u00f3 una madurez que le\u00a0<b>ha permitido ser una industria<\/b>\u00a0y en donde actores,\u00a0<b>directores<\/b>, realizadores y toda la gente que\u00a0<b>se dedica a este arte<\/b>\u00a0puede vivir de ello.<b>As\u00ed lo asegur\u00f3\u00a0<u>Sarah Hoch<\/u>,<\/b>\u00a0directora del Festival Internacional de Cine de Guanajuato<b>\u00a0(<u>GIFF<\/u><\/b>,\u00a0<b>por sus siglas en ingl\u00e9s)<\/b>, quien en entrevista exclusiva con\u00a0<b>Organizaci\u00f3n Editorial Mexicana<\/b>\u00a0dijo que el siguiente paso que debe tomar el cine mexicano\u00a0<b>es no perder de vista que este arte lo realizan humanos<\/b>, por lo que dejarse seducir por la fantas\u00eda de la\u00a0<b>Inteligencia Artificial (IA)<\/b>\u00a0podr\u00eda ser perjudicial, por lo que se\u00f1al\u00f3 que\u00a0<b>el cine debe tomar a la Inteligencia Artificial\u00a0<\/b>como una herramienta para promover que las personas cada vez\u00a0<b>sean m\u00e1s humanas y m\u00e1s unidas.<\/b><\/p>\n<p>\u201cPor primera vez,\u00a0<b>en los 32 a\u00f1os que tengo en el \u00e1mbito cinematogr\u00e1fico<\/b>, siento que hay una industria cinematogr\u00e1fica, que la gente<b>\u00a0puede vivir de la industria del cine<\/b>, siempre lo hab\u00edamos hecho\u00a0<b>por el amor al arte<\/b>, porque tenemos que contar historias,\u00a0<b>hemos hecho historias muy personales<\/b>, porque como no hab\u00eda distribuci\u00f3n para el cine mexicano,\u00a0<b>pues M\u00e9xico vendi\u00f3 sus salas de cine hace muchos a\u00f1os a los gringos<\/b>, no hab\u00eda espacios para\u00a0<b>el cine mexicano en M\u00e9xico<\/b>\u00a0y luego se empezaron a\u00a0<b>hacer proyectos muy personales<\/b>, de autor, que luego\u00a0<b>M\u00e9xico le costaba mucho verse a s\u00ed mismo en la pantalla<\/b>, pero ahora con la necesidad de contenido para las plataformas hay much\u00edsimo trabajo y todos los que<b>\u00a0trabajan en el cine tienen mucho trabajo<\/b>\u201d, dijo la directora del Festival Internacional de Cine de Guanajuato.<\/p>\n<p><b>Sarah Hoch<\/b>\u00a0record\u00f3 que en los inicios del festival,\u00a0<b>los actores que participaban en los proyectos que ser\u00edan exhibidos<\/b>\u00a0en \u00e9ste pod\u00edan venir y hasta quedarse durante todo el evento,\u00a0<b>pero ahora, por la carga de trabajo<\/b>, es complicado, pero eso habla de que el\u00a0<b>cine es una industria que est\u00e1 generando empleos<\/b>, a pesar de que ha sido sacrificado y\u00a0<b>afectado por los recortes presupuestales federales<\/b>\u00a0que eran destinados para desarrollar productos cinematogr\u00e1ficos.<\/p>\n<p>\u201c<b>Ahora s\u00ed hay mucho trabajo<\/b>, pero tal vez es una burbuja, creo que la<b>\u00a0Inteligencia Artificial<\/b>\u00a0va a afectar mucho a los empleos en el \u00e1mbito cinematogr\u00e1fico,\u00a0<b>en el gui\u00f3n, actores, edici\u00f3n, en todo, los vamos a ver desplazados<\/b>\u00a0y por eso el tema de la<b>\u00a0inteligencia artificial para esta edici\u00f3n del festival<\/b>, sabemos que ahorita es una herramienta, ahorita\u00a0<b>hay muchos que se est\u00e1n beneficiando de esta tecnolog\u00eda<\/b>, pero s\u00ed creemos que va a desplazar a mucha gente y\u00a0<b>no nada m\u00e1s en el cine, pero nosotros lo vamos a hablar desde nuestra trinchera<\/b>, el cine y las industrias creativas,\u00a0<b>que sentimos m\u00e1s golpeadas ahorita<\/b>\u201d.<\/p>\n<h2><b>No debemos perder el cerebro con la IA<\/b><\/h2>\n<p>Sarah Hoch\u00a0<b>explic\u00f3 que en cada revoluci\u00f3n industrial<\/b>\u00a0se tuvo una p\u00e9rdida de obreros, muchos desplazados por m\u00e1quinas, pero en esta revoluci\u00f3n que<b>\u00a0se impulsa desde la Inteligencia Artificial\u00a0<\/b>el riesgo que se corre es\u00a0<b>que se pierdan cerebros<\/b>.<\/p>\n<p>\u201cEn las\u00a0<b>revoluciones industriales perdimos obreros<\/b>, ahora en la revoluci\u00f3n de la inteligencia artificial perdemos cerebros,\u00a0<b>el impacto de la inteligencia artificial es a ingenieros, matem\u00e1ticos, abogados, doctores<\/b>, abogados, creadores, escritores, pintores, cineastas y cuando pierdes cerebro,<b>\u00a0tambi\u00e9n pierdes ese 50% de la capacidad econ\u00f3mica del mundo<\/b>\u201d, advirti\u00f3.<\/p>\n<p>No obstante, dijo que\u00a0<b>el cine estar\u00e1 jugando un papel importante para proponer desde su trinchera<\/b>, con cr\u00edtica y propuesta,<b>\u00a0sobre hacia d\u00f3nde tiene que ir el ser humano<\/b>\u00a0en esta revoluci\u00f3n a la que se enfrenta.<\/p>\n<p>\u201c<b>El beneficio de lo que vamos a vivir con la Inteligencia Artificial\u00a0<\/b>es que vamos a ser m\u00e1s humanos, vamos a luchar por la humanidad,\u00a0<b>vamos a luchar por la expresi\u00f3n humana<\/b>, vamos a luchar porque los humanos estemos en una posici\u00f3n y<b>\u00a0tengamos un control sobre nuestras vidas y sobre nuestros espacios<\/b>, es una lucha que no va a ganarse f\u00e1cil y\u00a0<b>no sabemos si lo vamos a ganar, pero si sobrevivimos<\/b>, porque hay expertos que dicen que en menos de una generaci\u00f3n\u00a0<b>vamos a perder a 50% de los humanos<\/b>, entonces los que quedemos\u00a0<b>debemos buscar ser m\u00e1s humanos<\/b>\u201d.<\/p>\n<p>Por ello,\u00a0<b>Sarah Hoch dijo que para esta edici\u00f3n del GIFF<\/b>\u00a0estar\u00e1 abonando a generar comunidad y no habr\u00e1 pel\u00edculas que s<b>e transmitan v\u00eda streaming ni por plataformas<\/b>, pues de lo que se trata es que todos sean parte de esa comuni\u00f3n que\u00a0<b>s\u00f3lo el cine genera<\/b>.<\/p>\n<p>\u201c<b>Estamos promoviendo realmente al final del d\u00eda la humanidad<\/b>\u00a0y esas relaciones humanas, en donde re\u00edmos juntos, lloramos juntos en el cine y al final nos vamos con la pareja,<b>\u00a0con los amigos, con la familia y convivimos<\/b>, porque ver televisi\u00f3n<b>\u00a0en 13 plataformas no es lo mismo<\/b>\u00a0y creo que este tema de Inteligencia Artificial sea un despertar para el \u00e1mbito humano y\u00a0<b>para la relaci\u00f3n humana, que ese sea el resultado<\/b>\u00a0y no tarde mucho\u201d.<\/p>\n<h2><b>\u00bfQu\u00e9 traer\u00e1 el GIFF a Irapuato?<\/b><\/h2>\n<p><b>Irapuato, junto con Le\u00f3n y San Miguel de Allende<\/b>, es una de las sedes del GIFF 2023, en donde\u00a0<b>se tiene un programa de primer nivel<\/b>, el cual arrancar\u00e1 el 28 de julio\u00a0<b>con una alfombra roja para presentar en el Teatro de la Ciudad la pel\u00edcula \u201cMart\u00ednez\u201d<\/b>, en donde una gran parte de su elenco ya confirm\u00f3 su asistencia.<\/p>\n<p>Tambi\u00e9n,\u00a0<b>el 28 de julio, en el Teatro de la Ciudad<\/b>, ser\u00e1 presentada una\u00a0<b>conferencia magistra y homenaje a Arcelia Ram\u00edrez<\/b>\u00a0y a Tita Lombardo, y a las 14 horas ser\u00e1 presentada<b>\u00a0la pel\u00edcula \u201cSilveti. La encerrona\u201d<\/b>.<\/p>\n<p>\u201c<b>Estamos promoviendo realmente al final del d\u00eda la humanidad<\/b>\u00a0y esas relaciones humanas, en donde re\u00edmos juntos, lloramos juntos en el cine y al final nos vamos con la pareja,<b>\u00a0con los amigos, con la familia y convivimos<\/b>, porque ver televisi\u00f3n<b>\u00a0en 13 plataformas no es lo mismo<\/b>\u00a0y creo que este tema de Inteligencia Artificial sea un despertar para el \u00e1mbito humano y\u00a0<b>para la relaci\u00f3n humana, que ese sea el resultado<\/b>\u00a0y no tarde mucho\u201d.<\/p>\n<h2><b>\u00bfQu\u00e9 traer\u00e1 el GIFF a Irapuato?<\/b><\/h2>\n<p><b>Irapuato, junto con Le\u00f3n y San Miguel de Allende<\/b>, es una de las sedes del GIFF 2023, en donde\u00a0<b>se tiene un programa de primer nivel<\/b>, el cual arrancar\u00e1 el 28 de julio\u00a0<b>con una alfombra roja para presentar en el Teatro de la Ciudad la pel\u00edcula \u201cMart\u00ednez\u201d<\/b>, en donde una gran parte de su elenco ya confirm\u00f3 su asistencia.<\/p>\n<p>Tambi\u00e9n,\u00a0<b>el 28 de julio, en el Teatro de la Ciudad<\/b>, ser\u00e1 presentada una\u00a0<b>conferencia magistra y homenaje a Arcelia Ram\u00edrez<\/b>\u00a0y a Tita Lombardo, y a las 14 horas ser\u00e1 presentada<b>\u00a0la pel\u00edcula \u201cSilveti. La encerrona\u201d<\/b>.<\/p>\n<\/div>\n<\/div>\n<\/div>\n<\/div>\n<\/div>\n<\/div>\n<\/div>\n<\/div>\n<\/div>\n<\/div>\n<\/div>\n<\/div>\n","protected":false},"excerpt":{"rendered":"<p>La directora del GIFF platic\u00f3 con OEM y dijo que el cine est\u00e1 luchando para no ser afectado por la Inteligencia Artificial y para crear sociedades m\u00e1s humanas y pensantes&hellip;<\/p>\n","protected":false},"author":1,"featured_media":27746,"comment_status":"open","ping_status":"closed","sticky":false,"template":"","format":"standard","meta":{"footnotes":""},"categories":[2],"tags":[],"class_list":["post-27744","post","type-post","status-publish","format-standard","has-post-thumbnail","hentry","category-nacional"],"_links":{"self":[{"href":"https:\/\/radiogecko.com\/index.php?rest_route=\/wp\/v2\/posts\/27744","targetHints":{"allow":["GET"]}}],"collection":[{"href":"https:\/\/radiogecko.com\/index.php?rest_route=\/wp\/v2\/posts"}],"about":[{"href":"https:\/\/radiogecko.com\/index.php?rest_route=\/wp\/v2\/types\/post"}],"author":[{"embeddable":true,"href":"https:\/\/radiogecko.com\/index.php?rest_route=\/wp\/v2\/users\/1"}],"replies":[{"embeddable":true,"href":"https:\/\/radiogecko.com\/index.php?rest_route=%2Fwp%2Fv2%2Fcomments&post=27744"}],"version-history":[{"count":1,"href":"https:\/\/radiogecko.com\/index.php?rest_route=\/wp\/v2\/posts\/27744\/revisions"}],"predecessor-version":[{"id":27745,"href":"https:\/\/radiogecko.com\/index.php?rest_route=\/wp\/v2\/posts\/27744\/revisions\/27745"}],"wp:featuredmedia":[{"embeddable":true,"href":"https:\/\/radiogecko.com\/index.php?rest_route=\/wp\/v2\/media\/27746"}],"wp:attachment":[{"href":"https:\/\/radiogecko.com\/index.php?rest_route=%2Fwp%2Fv2%2Fmedia&parent=27744"}],"wp:term":[{"taxonomy":"category","embeddable":true,"href":"https:\/\/radiogecko.com\/index.php?rest_route=%2Fwp%2Fv2%2Fcategories&post=27744"},{"taxonomy":"post_tag","embeddable":true,"href":"https:\/\/radiogecko.com\/index.php?rest_route=%2Fwp%2Fv2%2Ftags&post=27744"}],"curies":[{"name":"wp","href":"https:\/\/api.w.org\/{rel}","templated":true}]}}