{"id":27783,"date":"2023-07-17T15:43:12","date_gmt":"2023-07-17T20:43:12","guid":{"rendered":"https:\/\/radiogecko.com\/?p=27783"},"modified":"2023-07-17T20:43:21","modified_gmt":"2023-07-17T20:43:21","slug":"localizan-a-206-migrantes-abandonados-y-obligados-a-ingerir-sustancias-en-mexico","status":"publish","type":"post","link":"https:\/\/radiogecko.com\/?p=27783","title":{"rendered":"Localizan a 206 migrantes abandonados y obligados a ingerir sustancias en M\u00e9xico"},"content":{"rendered":"<p>El Instituto Nacional de Migraci\u00f3n (INM) de M\u00e9xico localiz\u00f3 a 206 migrantes que hab\u00edan sido abandonados por presuntos traficantes en un tr\u00e1iler cerca de la ciudad Jos\u00e9 Cardel, en el estado de Veracruz (este), donde los habr\u00edan obligado a ingerir sustancias para soportar el encierro.<\/p>\n<p>El rescate, seg\u00fan un comunicado del INM emitido este lunes, se produjo el pasado s\u00e1bado y los migrantes, procedentes de Guatemala y Honduras, estaban \u201chacinados, deshidratados y medicados para inhibir sus necesidades b\u00e1sicas, de acuerdo con sus propios testimonios\u201d.<\/p>\n<p>De los 206 migrantes localizados, 132 guatemaltecos viajaban en n\u00facleos familiares, as\u00ed como 3 familias con 12 personas procedentes de Honduras.<\/p>\n<p>Entre los que viajaban solos, se encontraron a 35 hombres, 4 mujeres y 20 menores de edad (15 ni\u00f1os y 5 ni\u00f1as) procedentes de Guatemala; y 3 adultos de nacionalidad hondure\u00f1a.<\/p>\n<p>\u201cLos menores de edad y los n\u00facleos familiares fueron canalizados al Sistema para el Desarrollo Integral de la Familia (DIF), mientras que las personas adultas se trasladaron a instalaciones del INM para realizar los tr\u00e1mites migratorios correspondientes\u201d, expuso el organismo migratorio.<\/p>\n<p>Adem\u00e1s del hecho que los migrantes aseguraron que hab\u00edan sido medicados, trascendi\u00f3 que la caja del tr\u00e1iler, adaptada con soportes met\u00e1licos para formar un segundo piso, estaba cubierta con material herm\u00e9tico para evitar que su contenido pudiese identificarse mediante las c\u00e1maras de rayos X de los cuerpos de seguridad.<\/p>\n<div class=\"enhancement\" data-click=\"enhancement\" data-align-center=\"\">\n<div id=\"nativo_1\"><\/div>\n<\/div>\n<p>Los migrantes tambi\u00e9n hab\u00edan sido identificados, presuntamente por los traficantes, mediante brazaletes.<\/p>\n<p>El conductor del cami\u00f3n, incide el INM, habr\u00eda huido del lugar dejando a los migrantes encerrados en la caja del tr\u00e1iler, en una pr\u00e1ctica recurrente.<\/p>\n<p>El hecho refleja el in\u00e9dito flujo migratorio, con m\u00e1s de 2,76 millones de migrantes indocumentados interceptados por Estados Unidos en la frontera en el a\u00f1o fiscal 2022.<\/p>\n<div class=\"enhancement\" data-click=\"enhancement\" data-align-center=\"\">\n<div id=\"nativo_1\"><\/div>\n<\/div>\n<p>Mientras que M\u00e9xico registr\u00f3 un incremento anual de m\u00e1s del 43 % en el n\u00famero de \u201cpersonas en situaci\u00f3n irregular\u201d en el pa\u00eds en el pasado a\u00f1o, cuando detect\u00f3 444.439.<\/p>\n<p>Los migrantes que atraviesan M\u00e9xico para llegar hasta Estados Unidos, adem\u00e1s, se enfrentan desde el pasado 11 de mayo a una situaci\u00f3n incierta, despu\u00e9s de que Washington pusiera fin al T\u00edtulo 42, una ley sanitaria con la que expulsaron a 2,8 millones de extranjeros bajo el pretexto de la pandemia del coronavirus.<\/p>\n<p>En su lugar, el Gobierno estadounidense aplica ahora el T\u00edtulo 8, que agrava las sanciones para aquellos que crucen la frontera de forma ilegal.<\/p>\n","protected":false},"excerpt":{"rendered":"<p>El Instituto Nacional de Migraci\u00f3n (INM) de M\u00e9xico localiz\u00f3 a 206 migrantes que hab\u00edan sido abandonados por presuntos traficantes en un tr\u00e1iler cerca de la ciudad Jos\u00e9 Cardel, en el&hellip;<\/p>\n","protected":false},"author":1,"featured_media":27785,"comment_status":"open","ping_status":"closed","sticky":false,"template":"","format":"standard","meta":{"footnotes":""},"categories":[2],"tags":[],"class_list":["post-27783","post","type-post","status-publish","format-standard","has-post-thumbnail","hentry","category-nacional"],"_links":{"self":[{"href":"https:\/\/radiogecko.com\/index.php?rest_route=\/wp\/v2\/posts\/27783","targetHints":{"allow":["GET"]}}],"collection":[{"href":"https:\/\/radiogecko.com\/index.php?rest_route=\/wp\/v2\/posts"}],"about":[{"href":"https:\/\/radiogecko.com\/index.php?rest_route=\/wp\/v2\/types\/post"}],"author":[{"embeddable":true,"href":"https:\/\/radiogecko.com\/index.php?rest_route=\/wp\/v2\/users\/1"}],"replies":[{"embeddable":true,"href":"https:\/\/radiogecko.com\/index.php?rest_route=%2Fwp%2Fv2%2Fcomments&post=27783"}],"version-history":[{"count":1,"href":"https:\/\/radiogecko.com\/index.php?rest_route=\/wp\/v2\/posts\/27783\/revisions"}],"predecessor-version":[{"id":27784,"href":"https:\/\/radiogecko.com\/index.php?rest_route=\/wp\/v2\/posts\/27783\/revisions\/27784"}],"wp:featuredmedia":[{"embeddable":true,"href":"https:\/\/radiogecko.com\/index.php?rest_route=\/wp\/v2\/media\/27785"}],"wp:attachment":[{"href":"https:\/\/radiogecko.com\/index.php?rest_route=%2Fwp%2Fv2%2Fmedia&parent=27783"}],"wp:term":[{"taxonomy":"category","embeddable":true,"href":"https:\/\/radiogecko.com\/index.php?rest_route=%2Fwp%2Fv2%2Fcategories&post=27783"},{"taxonomy":"post_tag","embeddable":true,"href":"https:\/\/radiogecko.com\/index.php?rest_route=%2Fwp%2Fv2%2Ftags&post=27783"}],"curies":[{"name":"wp","href":"https:\/\/api.w.org\/{rel}","templated":true}]}}