{"id":27843,"date":"2023-07-18T16:15:02","date_gmt":"2023-07-18T21:15:02","guid":{"rendered":"https:\/\/radiogecko.com\/?p=27843"},"modified":"2023-07-18T21:15:11","modified_gmt":"2023-07-18T21:15:11","slug":"ignacio-quintana-era-necesaria-la-reestructuracion-de-mexico","status":"publish","type":"post","link":"https:\/\/radiogecko.com\/?p=27843","title":{"rendered":"Ignacio Quintana: Era necesaria la reestructuraci\u00f3n de M\u00e9xico"},"content":{"rendered":"<h2>El entrenador de Panam\u00e1 aplaudi\u00f3 la reestructuraci\u00f3n que se dio en la Selecci\u00f3n Mexicana luego de quedarse fuera del Mundial 2023.<\/h2>\n<p><b>Ignacio Quintana<\/b>\u00a0se convirti\u00f3 en el primer t\u00e9cnico en clasificar a\u00a0<b>Panam\u00e1<\/b>\u00a0a una\u00a0<b>Copa del Mundo Femenina de la FIFA.<\/b>\u00a0El estratega y su cuerpo t\u00e9cnico ser\u00e1n los \u00fanicos mexicanos en participar dentro del Mundial de Australia y Nueva Zelanda 2023, tras la ausencia de\u00a0<b>M\u00e9xico<\/b>\u00a0en la justa mundialista.<\/p>\n<p>A pesar de llevar algunos a\u00f1os fuera del entorno mexicano, Quintana aplaude la reestructuraci\u00f3n que se ha tenido en el interior de Selecciones Nacionales Femeniles, con el objetivo de llevar a\u00a0<b>M\u00e9xico<\/b>\u00a0al Mundial del 2027.<\/p>\n<p>\u201cCreo que es complicado, llevo algunos a\u00f1os que no estoy en\u00a0<b>M\u00e9xico<\/b>. Creo que fue un golpe que agit\u00f3 a la federaci\u00f3n. Me dio gusto ver que la profesora\u00a0<b>Andrea Rodebaugh<\/b>, est\u00e1 al frente de la selecci\u00f3n y se ve ahora con el\u00a0<b>Mundial Femenil,<\/b>\u00a0hay que darle a\u00a0<b>Ana Galindo<\/b>\u00a0ese reconocimiento, tambi\u00e9n lleg\u00f3 a impulsarlo desde la estructura. Tiene que pasar este tipo de cosas para que se saboreen. Ves desde afuera un Mundial y aspiras a estar ah\u00ed y pertenecer. Yo creo que con la seriedad que tienen todos, estoy seguro de que dentro de cuatro a\u00f1os estar\u00e1\u00a0<b>M\u00e9xico<\/b>\u00a0en el Mundial. Ser\u00e1 duro verlo desde la TV, pero se est\u00e1 listo para sobreponerse a esto\u201d, coment\u00f3\u00a0<b>Ignacio Quintana<\/b>.<\/p>\n<p>Aunque la\u00a0<b>FIFA<\/b>\u00a0a\u00fan no da a conocer a los nuevos anfitriones del\u00a0<b>Mundial Femenil 2027, Ignacio Quintana<\/b>\u00a0dijo \u201cilusionarse\u201d con la posibilidad de que\u00a0<b>M\u00e9xico<\/b>\u00a0sea sede del pr\u00f3ximo campeonato.<\/p>\n<p>\u201cHabr\u00eda que esperar, pero a todos nos ilusiona, por log\u00edstica nos conviene. Cuando escuchamos la noticia nos ilusion\u00f3, y en este Mundial al ser tan lejano, de seguro habr\u00e1 menos aficionados. Si el Mundial se da en\u00a0<b>M\u00e9xico<\/b>, eso nos motiva a seguir trabajando.\u00a0<b>Estados Unidos<\/b>\u00a0y M\u00e9xico son invitados seguros y el hecho de que califiquen de forma directa, nos ayudar\u00e1 mucho. Seguramente otras federaciones piensan igual que yo, otras selecciones van a ir peleando boletos disponibles y un Mundial en el pa\u00eds ser\u00eda espectacular\u201d.<\/p>\n","protected":false},"excerpt":{"rendered":"<p>El entrenador de Panam\u00e1 aplaudi\u00f3 la reestructuraci\u00f3n que se dio en la Selecci\u00f3n Mexicana luego de quedarse fuera del Mundial 2023. Ignacio Quintana\u00a0se convirti\u00f3 en el primer t\u00e9cnico en clasificar&hellip;<\/p>\n","protected":false},"author":1,"featured_media":27845,"comment_status":"open","ping_status":"closed","sticky":false,"template":"","format":"standard","meta":{"footnotes":""},"categories":[6],"tags":[],"class_list":["post-27843","post","type-post","status-publish","format-standard","has-post-thumbnail","hentry","category-deportes"],"_links":{"self":[{"href":"https:\/\/radiogecko.com\/index.php?rest_route=\/wp\/v2\/posts\/27843","targetHints":{"allow":["GET"]}}],"collection":[{"href":"https:\/\/radiogecko.com\/index.php?rest_route=\/wp\/v2\/posts"}],"about":[{"href":"https:\/\/radiogecko.com\/index.php?rest_route=\/wp\/v2\/types\/post"}],"author":[{"embeddable":true,"href":"https:\/\/radiogecko.com\/index.php?rest_route=\/wp\/v2\/users\/1"}],"replies":[{"embeddable":true,"href":"https:\/\/radiogecko.com\/index.php?rest_route=%2Fwp%2Fv2%2Fcomments&post=27843"}],"version-history":[{"count":1,"href":"https:\/\/radiogecko.com\/index.php?rest_route=\/wp\/v2\/posts\/27843\/revisions"}],"predecessor-version":[{"id":27844,"href":"https:\/\/radiogecko.com\/index.php?rest_route=\/wp\/v2\/posts\/27843\/revisions\/27844"}],"wp:featuredmedia":[{"embeddable":true,"href":"https:\/\/radiogecko.com\/index.php?rest_route=\/wp\/v2\/media\/27845"}],"wp:attachment":[{"href":"https:\/\/radiogecko.com\/index.php?rest_route=%2Fwp%2Fv2%2Fmedia&parent=27843"}],"wp:term":[{"taxonomy":"category","embeddable":true,"href":"https:\/\/radiogecko.com\/index.php?rest_route=%2Fwp%2Fv2%2Fcategories&post=27843"},{"taxonomy":"post_tag","embeddable":true,"href":"https:\/\/radiogecko.com\/index.php?rest_route=%2Fwp%2Fv2%2Ftags&post=27843"}],"curies":[{"name":"wp","href":"https:\/\/api.w.org\/{rel}","templated":true}]}}