{"id":27944,"date":"2023-07-20T16:14:15","date_gmt":"2023-07-20T21:14:15","guid":{"rendered":"https:\/\/radiogecko.com\/?p=27944"},"modified":"2023-07-20T21:14:25","modified_gmt":"2023-07-20T21:14:25","slug":"en-onu-piden-proteccion-para-funcionarios-que-investigan-desapariciones-en-mexico","status":"publish","type":"post","link":"https:\/\/radiogecko.com\/?p=27944","title":{"rendered":"En ONU piden protecci\u00f3n para funcionarios que investigan desapariciones en M\u00e9xico"},"content":{"rendered":"<div class=\"sc__header mx-auto  lg:max-w-screen-lg \">\n<h4 class=\"subTitle text-2xl mb-5\" style=\"text-align: center;\">El Comit\u00e9 de Naciones Unidas contra las Desapariciones Forzadas conden\u00f3 el ataque contra personal de la Fiscal\u00eda General del Estado de Jalisco, que caus\u00f3 la muerte de seis personas<\/h4>\n<\/div>\n<div class=\"story-image mx-auto  lg:max-w-screen-lg\">El Comit\u00e9 de la\u00a0<b>ONU<\/b>\u00a0contra las Desapariciones Forzadas conden\u00f3 el ataque en M\u00e9xico contra personal de la\u00a0<b>Fiscal\u00eda General del Estado de Jalisco<\/b>, que caus\u00f3 la muerte de seis personas y reclam\u00f3 que se brinde protecci\u00f3n a los servidores p\u00fablicos que participan en la investigaci\u00f3n y\u00a0<b>b\u00fasqueda de personas desaparecidas<\/b>.<\/p>\n<p class=\"sc__font-paragraph\">Las autoridades atacadas se dirig\u00edan a un lugar del municipio de\u00a0<b>Tlajomulco<\/b>\u00a0para buscar los\u00a0<b>cuerpos de personas presuntamente desaparecidas<\/b>, seg\u00fan la informaci\u00f3n recogida por el Comit\u00e9.<\/p>\n<p class=\"sc__font-paragraph\">Las v\u00edctimas fueron emboscadas por agresores no identificados con artefactos explosivos, en un hecho ocurrido el pasado d\u00eda 11.<\/p>\n<h2 class=\"sc__header\">Hay m\u00e1s de 110 mil personas desaparecidas en M\u00e9xico<\/h2>\n<p class=\"sc__font-paragraph\">Seg\u00fan cifras oficiales citadas por el Comit\u00e9, m\u00e1s de\u00a0<b>110 mil personas<\/b>\u00a0est\u00e1n desaparecidas en todo M\u00e9xico y la mayor incidencia se registra en el estado de\u00a0<b>Jalisco<\/b>.<\/p>\n<p class=\"sc__font-paragraph\">\u00abA la luz de este reciente ataque, el Comit\u00e9 recuerda que las b\u00fasquedas y las investigaciones (sobre desaparecidos) son obligaciones de car\u00e1cter permanente\u00bb.<\/p>\n<p class=\"sc__font-paragraph\">Desde hace varios a\u00f1os, el estado de Jalisco vive una<b>\u00a0crisis de violencia e inseguridad<\/b>\u00a0por la presencia de grupos del crimen organizado como el\u00a0<b>C\u00e1rtel Jalisco Nueva Generaci\u00f3n (CJNG)<\/b>.<\/p>\n<\/div>\n","protected":false},"excerpt":{"rendered":"<p>El Comit\u00e9 de Naciones Unidas contra las Desapariciones Forzadas conden\u00f3 el ataque contra personal de la Fiscal\u00eda General del Estado de Jalisco, que caus\u00f3 la muerte de seis personas El&hellip;<\/p>\n","protected":false},"author":1,"featured_media":27946,"comment_status":"open","ping_status":"closed","sticky":false,"template":"","format":"standard","meta":{"footnotes":""},"categories":[2],"tags":[],"class_list":["post-27944","post","type-post","status-publish","format-standard","has-post-thumbnail","hentry","category-nacional"],"_links":{"self":[{"href":"https:\/\/radiogecko.com\/index.php?rest_route=\/wp\/v2\/posts\/27944","targetHints":{"allow":["GET"]}}],"collection":[{"href":"https:\/\/radiogecko.com\/index.php?rest_route=\/wp\/v2\/posts"}],"about":[{"href":"https:\/\/radiogecko.com\/index.php?rest_route=\/wp\/v2\/types\/post"}],"author":[{"embeddable":true,"href":"https:\/\/radiogecko.com\/index.php?rest_route=\/wp\/v2\/users\/1"}],"replies":[{"embeddable":true,"href":"https:\/\/radiogecko.com\/index.php?rest_route=%2Fwp%2Fv2%2Fcomments&post=27944"}],"version-history":[{"count":1,"href":"https:\/\/radiogecko.com\/index.php?rest_route=\/wp\/v2\/posts\/27944\/revisions"}],"predecessor-version":[{"id":27945,"href":"https:\/\/radiogecko.com\/index.php?rest_route=\/wp\/v2\/posts\/27944\/revisions\/27945"}],"wp:featuredmedia":[{"embeddable":true,"href":"https:\/\/radiogecko.com\/index.php?rest_route=\/wp\/v2\/media\/27946"}],"wp:attachment":[{"href":"https:\/\/radiogecko.com\/index.php?rest_route=%2Fwp%2Fv2%2Fmedia&parent=27944"}],"wp:term":[{"taxonomy":"category","embeddable":true,"href":"https:\/\/radiogecko.com\/index.php?rest_route=%2Fwp%2Fv2%2Fcategories&post=27944"},{"taxonomy":"post_tag","embeddable":true,"href":"https:\/\/radiogecko.com\/index.php?rest_route=%2Fwp%2Fv2%2Ftags&post=27944"}],"curies":[{"name":"wp","href":"https:\/\/api.w.org\/{rel}","templated":true}]}}