{"id":28001,"date":"2023-07-21T17:05:42","date_gmt":"2023-07-21T22:05:42","guid":{"rendered":"https:\/\/radiogecko.com\/?p=28001"},"modified":"2023-07-21T22:05:50","modified_gmt":"2023-07-21T22:05:50","slug":"kylian-mbappe-fuera-de-la-lista-del-psg-para-su-gira-por-japon","status":"publish","type":"post","link":"https:\/\/radiogecko.com\/?p=28001","title":{"rendered":"Kylian Mbapp\u00e9, fuera de la lista del PSG para su gira por Jap\u00f3n"},"content":{"rendered":"<h2>El delantero franc\u00e9s pretendido por Real Madrid no aparece en la lista de 29 convocados que ofreci\u00f3 el t\u00e9cnico Luis Enrique<\/h2>\n<p><strong>Kylian Mbapp\u00e9<\/strong>, jugador del\u00a0<strong>Par\u00eds Saint-Germain<\/strong>, no viajar\u00e1 con su equipo para la gira de que har\u00e1 el conjunto franc\u00e9s por Jap\u00f3n, seg\u00fan anunci\u00f3 en su p\u00e1gina web la entidad presidida por Nasser Al-Khela\u00effi.<\/p>\n<p>El entrenador\u00a0<strong>Luis Enrique Mart\u00ednez<\/strong>\u00a0ofreci\u00f3 una lista de 29 jugadores entre los que no est\u00e1 el jugador pretendido por el\u00a0<strong>Real Madrid<\/strong>, que podr\u00eda acelerar su fichaje en las pr\u00f3ximas fechas despu\u00e9s de la decisi\u00f3n del\u00a0<strong>Par\u00eds Saint-Germain<\/strong>\u00a0de no incluir a su jugador franquicia en una gira que comenzar\u00e1 este s\u00e1bado y que tendr\u00e1 paradas en las ciudades japonesas de Osaka y Tokio.<\/p>\n<p>Seg\u00fan public\u00f3 L&#8217;Equipe, el club galo cree que\u00a0<strong>Mbapp\u00e9<\/strong>, que finaliza contrato en 2024, tendr\u00eda en estos momentos un acuerdo con el\u00a0<strong>Real Madrid<\/strong>\u00a0para marcharse libre al final del pr\u00f3ximo curso y que, adem\u00e1s, internamente habr\u00eda anunciado su decisi\u00f3n de no ejercer la opci\u00f3n de renovar su contrato un a\u00f1o.<\/p>\n<p>Con esa decisi\u00f3n,\u00a0<strong>Mbapp\u00e9\u00a0<\/strong>no dejar\u00eda ni un euro en las arcas del club parisino, que al dejarle fuera de la lista para la gira japonesa presionar\u00eda a su jugador para provocar su salida este verano con el objetivo de ingresar una cantidad econ\u00f3mica por su traspaso.<\/p>\n<p><strong>Mbapp\u00e9<\/strong>, este mismo viernes, particip\u00f3 en el amistoso que jug\u00f3 el equipo de\u00a0<strong>Luis Enrique\u00a0<\/strong>ante el\u00a0<strong>Le Havre\u00a0<\/strong>en su Ciudad Deportiva. Fue suplente, pero apareci\u00f3 en la segunda parte para marcar uno de los goles de su equipo, que finalmente gan\u00f3 2-0.<\/p>\n<p>Poco despu\u00e9s, la estrella del\u00a0<strong>Par\u00eds Saint-Germain<\/strong>\u00a0desapareci\u00f3 de la convocatoria de la gira asi\u00e1tica en la que s\u00ed est\u00e1n incluidos nombres como\u00a0<strong>Marco Asensio<\/strong>,\u00a0<strong>Neymar J\u00fanior\u00a0<\/strong>o incluso su hermano,\u00a0<strong>Ethan Mbapp\u00e9<\/strong>.<\/p>\n<p>Curiosamente, el internacional galo, junto a\u00a0<strong>Neymar<\/strong>, fueron incluidos en el cartel promocional de la gira asi\u00e1tica del\u00a0<strong>PSG<\/strong>, que ahora, sin\u00a0<strong>Kylian Mbapp\u00e9<\/strong>, se enfrentar\u00e1 en Osaka al Al-Nassr de\u00a0<strong>Cristiano Ronaldo<\/strong>\u00a0(25 de julio), al Cerezo Osaka (28 de julio) y al Inter en Tokio (1 de agosto).<\/p>\n","protected":false},"excerpt":{"rendered":"<p>El delantero franc\u00e9s pretendido por Real Madrid no aparece en la lista de 29 convocados que ofreci\u00f3 el t\u00e9cnico Luis Enrique Kylian Mbapp\u00e9, jugador del\u00a0Par\u00eds Saint-Germain, no viajar\u00e1 con su&hellip;<\/p>\n","protected":false},"author":1,"featured_media":28003,"comment_status":"open","ping_status":"closed","sticky":false,"template":"","format":"standard","meta":{"footnotes":""},"categories":[6],"tags":[],"class_list":["post-28001","post","type-post","status-publish","format-standard","has-post-thumbnail","hentry","category-deportes"],"_links":{"self":[{"href":"https:\/\/radiogecko.com\/index.php?rest_route=\/wp\/v2\/posts\/28001","targetHints":{"allow":["GET"]}}],"collection":[{"href":"https:\/\/radiogecko.com\/index.php?rest_route=\/wp\/v2\/posts"}],"about":[{"href":"https:\/\/radiogecko.com\/index.php?rest_route=\/wp\/v2\/types\/post"}],"author":[{"embeddable":true,"href":"https:\/\/radiogecko.com\/index.php?rest_route=\/wp\/v2\/users\/1"}],"replies":[{"embeddable":true,"href":"https:\/\/radiogecko.com\/index.php?rest_route=%2Fwp%2Fv2%2Fcomments&post=28001"}],"version-history":[{"count":1,"href":"https:\/\/radiogecko.com\/index.php?rest_route=\/wp\/v2\/posts\/28001\/revisions"}],"predecessor-version":[{"id":28002,"href":"https:\/\/radiogecko.com\/index.php?rest_route=\/wp\/v2\/posts\/28001\/revisions\/28002"}],"wp:featuredmedia":[{"embeddable":true,"href":"https:\/\/radiogecko.com\/index.php?rest_route=\/wp\/v2\/media\/28003"}],"wp:attachment":[{"href":"https:\/\/radiogecko.com\/index.php?rest_route=%2Fwp%2Fv2%2Fmedia&parent=28001"}],"wp:term":[{"taxonomy":"category","embeddable":true,"href":"https:\/\/radiogecko.com\/index.php?rest_route=%2Fwp%2Fv2%2Fcategories&post=28001"},{"taxonomy":"post_tag","embeddable":true,"href":"https:\/\/radiogecko.com\/index.php?rest_route=%2Fwp%2Fv2%2Ftags&post=28001"}],"curies":[{"name":"wp","href":"https:\/\/api.w.org\/{rel}","templated":true}]}}