{"id":29019,"date":"2023-08-28T18:03:00","date_gmt":"2023-08-28T23:03:00","guid":{"rendered":"https:\/\/radiogecko.com\/?p=29019"},"modified":"2023-08-28T23:03:10","modified_gmt":"2023-08-28T23:03:10","slug":"mexico-y-eu-colaboran-para-educar-a-migrantes-sobre-derechos-laborales","status":"publish","type":"post","link":"https:\/\/radiogecko.com\/?p=29019","title":{"rendered":"M\u00e9xico y EU colaboran para educar a migrantes sobre derechos laborales"},"content":{"rendered":"<div class=\"newsfull__excerpt\">\n<h4 style=\"text-align: center;\">Los trabajadores interesados podr\u00e1n ponerse en contacto con cualquiera de los 50 consulados de M\u00e9xico en EU para participar.<\/h4>\n<\/div>\n<div class=\"newsfull__line\">\n<p>En un esfuerzo por brindar\u00a0<strong>orientaci\u00f3n sobre los derechos laborales a todos los trabajadores migrantes<\/strong>, el Departamento de Trabajo de los Estados Unidos y la Embajada de M\u00e9xico anunciaron este lunes su colaboraci\u00f3n en el tema durante la\u00a0<strong>Semana de Derechos Laborales 2023<\/strong>.<\/p>\n<p>Como parte de su estrategia educativa para empoderar a los trabajadores con conocimiento sobre sus derechos, la agencia federal ha lanzado hoy el sitio web\u00a0<strong>MigrantWorker.gov<\/strong>, junto con su versi\u00f3n en espa\u00f1ol Trabajador Migrante.gov, en los cuales ofrecen<strong>\u00a0informaci\u00f3n sobre las protecciones laborales establecidas por las leyes federales<\/strong>, as\u00ed como recursos para buscar asistencia.<\/p>\n<p>Adem\u00e1s, el\u00a0<strong>Departamento de Trabajo (DOL)<\/strong>\u00a0ha presentado una serie de videos que abordan las preguntas m\u00e1s comunes de los trabajadores migrantes sobre sus derechos, y tambi\u00e9n proporciona informaci\u00f3n sobre d\u00f3nde obtener\u00a0<strong>asesor\u00eda legal<\/strong>, seg\u00fan lo explicado en un comunicado oficial.<\/p>\n<p>Dentro de estas iniciativas, se establece la\u00a0<strong>conexi\u00f3n entre los trabajadores migrantes de cuatro pa\u00edses y sus consulados respectivos<\/strong>, con el fin de recibir apoyo.<\/p>\n<p>La Semana de Derechos Laborales se llevar\u00e1 a cabo\u00a0<strong>desde este lunes hasta el 1 de septiembre<\/strong>\u00a0e incluir\u00e1<strong>\u00a0eventos de difusi\u00f3n<\/strong>\u00a0en Estados Unidos, respaldados por agencias federales, consulados mexicanos y representantes de varios pa\u00edses de\u00a0<strong>Centroam\u00e9rica y Am\u00e9rica Latina<\/strong>.<\/p>\n<p>Uno de los objetivos principales de este a\u00f1o es educar a los migrantes sobre las regulaciones relacionadas con el\u00a0<strong>trabajo en condiciones de calor extremo y las enfermedades que pueden surgir<\/strong>, as\u00ed como combatir la explotaci\u00f3n laboral infantil.<\/p>\n<p>Adem\u00e1s, se proporcionar\u00e1 orientaci\u00f3n sobre temas como las\u00a0<strong>tarifas ilegales de contrataci\u00f3n<\/strong>, la\u00a0<strong>violencia de g\u00e9nero<\/strong>, el\u00a0<strong>acoso en el lugar de trabajo<\/strong>, as\u00ed como las<strong>\u00a0condiciones laborales peligrosas y perjudiciales para la salud<\/strong>.Estos eventos tambi\u00e9n tendr\u00e1n como finalidad informar acerca del programa\u00a0<strong>Workers Owed Wages (Trabajadores con Salarios Adeudados)<\/strong>, que busca conectar a los trabajadores con los salarios que les corresponden y que han sido recuperados en su nombre.<\/p>\n<\/div>\n","protected":false},"excerpt":{"rendered":"<p>Los trabajadores interesados podr\u00e1n ponerse en contacto con cualquiera de los 50 consulados de M\u00e9xico en EU para participar. En un esfuerzo por brindar\u00a0orientaci\u00f3n sobre los derechos laborales a todos&hellip;<\/p>\n","protected":false},"author":1,"featured_media":29021,"comment_status":"open","ping_status":"closed","sticky":false,"template":"","format":"standard","meta":{"footnotes":""},"categories":[2],"tags":[],"class_list":["post-29019","post","type-post","status-publish","format-standard","has-post-thumbnail","hentry","category-nacional"],"_links":{"self":[{"href":"https:\/\/radiogecko.com\/index.php?rest_route=\/wp\/v2\/posts\/29019","targetHints":{"allow":["GET"]}}],"collection":[{"href":"https:\/\/radiogecko.com\/index.php?rest_route=\/wp\/v2\/posts"}],"about":[{"href":"https:\/\/radiogecko.com\/index.php?rest_route=\/wp\/v2\/types\/post"}],"author":[{"embeddable":true,"href":"https:\/\/radiogecko.com\/index.php?rest_route=\/wp\/v2\/users\/1"}],"replies":[{"embeddable":true,"href":"https:\/\/radiogecko.com\/index.php?rest_route=%2Fwp%2Fv2%2Fcomments&post=29019"}],"version-history":[{"count":1,"href":"https:\/\/radiogecko.com\/index.php?rest_route=\/wp\/v2\/posts\/29019\/revisions"}],"predecessor-version":[{"id":29020,"href":"https:\/\/radiogecko.com\/index.php?rest_route=\/wp\/v2\/posts\/29019\/revisions\/29020"}],"wp:featuredmedia":[{"embeddable":true,"href":"https:\/\/radiogecko.com\/index.php?rest_route=\/wp\/v2\/media\/29021"}],"wp:attachment":[{"href":"https:\/\/radiogecko.com\/index.php?rest_route=%2Fwp%2Fv2%2Fmedia&parent=29019"}],"wp:term":[{"taxonomy":"category","embeddable":true,"href":"https:\/\/radiogecko.com\/index.php?rest_route=%2Fwp%2Fv2%2Fcategories&post=29019"},{"taxonomy":"post_tag","embeddable":true,"href":"https:\/\/radiogecko.com\/index.php?rest_route=%2Fwp%2Fv2%2Ftags&post=29019"}],"curies":[{"name":"wp","href":"https:\/\/api.w.org\/{rel}","templated":true}]}}