{"id":29286,"date":"2023-09-09T20:59:21","date_gmt":"2023-09-10T01:59:21","guid":{"rendered":"https:\/\/radiogecko.com\/?p=29286"},"modified":"2023-09-11T02:00:34","modified_gmt":"2023-09-11T02:00:34","slug":"la-independencia-de-mexico-llega-a-los-andadores-de-zapopan","status":"publish","type":"post","link":"https:\/\/radiogecko.com\/?p=29286","title":{"rendered":"La Independencia de M\u00e9xico llega a los andadores de Zapopan"},"content":{"rendered":"<p><em><strong>Independencia a trav\u00e9s del arte busca promover a los artistas y comercios locales<\/strong><\/em><\/p>\n<p><em><strong>Dicha actividad gratuita ser\u00e1 el s\u00e1bado 16 de septiembre, a partir de las 13:30 horas<\/strong><\/em><\/p>\n<p>Con la finalidad de que las y los artistas pl\u00e1sticos de la zona centro de Zapopan, as\u00ed como los comerciantes del primer cuadro de la ciudad den a conocer sus productos, este pr\u00f3ximo s\u00e1bado 16 de septiembre se llevar\u00e1 a cabo el evento cultural Independencia a trav\u00e9s del arte sobre el andador Mar\u00eda Cristina Pe\u00f1a.<\/p>\n<p>Salvador Villase\u00f1or Aldama, coordinador general de Desarrollo Econ\u00f3mico y Combate a la Desigualdad del Gobierno Municipal, expres\u00f3 que dicho evento busca promover la recuperaci\u00f3n de los espacios p\u00fablicos mostrando los puntos hist\u00f3ricos con los que cuenta Zapopan y, a su vez, apoyar a artistas locales y al comercio.<\/p>\n<p>\u201cEn el marco del D\u00eda de la Independencia hablemos y platiquemos y expongamos mediante el arte y sus diferentes ramas, algo referente a la independencia y lo celebraremos en el andador Cristina Pe\u00f1a haciendo una verbena cultural y art\u00edstica posicion\u00e1ndose como un grito de la independencia hacia la cultura\u201d.<\/p>\n<p>Villase\u00f1or Aldama inform\u00f3 que en dicho evento se busca reunir a por lo menos 150 artistas y enfatiz\u00f3 que cualquier persona podr\u00e1 participar en las actividades que se realizar\u00e1 esa tarde.<\/p>\n<p>\u201cEstamos abriendo el espacio a todos los ciudadanos, tendremos un micr\u00f3fono abierto para que puedan dar un palomaso de oratoria, pueden decir poes\u00eda o cualquier an\u00e9cdota o conocimiento que tengan referente a la independencia\u201d.<\/p>\n<p><strong>El programa Independencia a trav\u00e9s del arte contar\u00e1 de cuatro actividades:<\/strong><\/p>\n<p>-Panel en el que emprendedores de arte platican sobre sus experiencias de fracaso en su actividad.<\/p>\n<p>-Intervenci\u00f3n, por medio de gises, con poes\u00eda referente a la palabra independencia (emocional, art\u00edstica y financiera, entre otros).<\/p>\n<p>-Micr\u00f3fono abierto para la libre expresi\u00f3n de distintas disciplinas art\u00edsticas de las y los asistentes.<\/p>\n<p>-Artista ac\u00fastico.<\/p>\n<p>El andador Mar\u00eda Cristina Pe\u00f1a se ubica entre las calles Vicente Guerrero y Mariano Matamoros, en la zona centro de Zapopan. Ser\u00e1 un evento gratuito, con acceso para todas y todos y las actividades comenzar\u00e1n a partir de las 13:30 horas.<\/p>\n<p>Para conocer m\u00e1s sobre el evento cultural se puede consultar las redes sociales del Gobierno de Zapopan.<\/p>\n","protected":false},"excerpt":{"rendered":"<p>Independencia a trav\u00e9s del arte busca promover a los artistas y comercios locales Dicha actividad gratuita ser\u00e1 el s\u00e1bado 16 de septiembre, a partir de las 13:30 horas Con la&hellip;<\/p>\n","protected":false},"author":1,"featured_media":29288,"comment_status":"open","ping_status":"closed","sticky":false,"template":"","format":"standard","meta":{"footnotes":""},"categories":[2],"tags":[],"class_list":["post-29286","post","type-post","status-publish","format-standard","has-post-thumbnail","hentry","category-nacional"],"_links":{"self":[{"href":"https:\/\/radiogecko.com\/index.php?rest_route=\/wp\/v2\/posts\/29286","targetHints":{"allow":["GET"]}}],"collection":[{"href":"https:\/\/radiogecko.com\/index.php?rest_route=\/wp\/v2\/posts"}],"about":[{"href":"https:\/\/radiogecko.com\/index.php?rest_route=\/wp\/v2\/types\/post"}],"author":[{"embeddable":true,"href":"https:\/\/radiogecko.com\/index.php?rest_route=\/wp\/v2\/users\/1"}],"replies":[{"embeddable":true,"href":"https:\/\/radiogecko.com\/index.php?rest_route=%2Fwp%2Fv2%2Fcomments&post=29286"}],"version-history":[{"count":1,"href":"https:\/\/radiogecko.com\/index.php?rest_route=\/wp\/v2\/posts\/29286\/revisions"}],"predecessor-version":[{"id":29287,"href":"https:\/\/radiogecko.com\/index.php?rest_route=\/wp\/v2\/posts\/29286\/revisions\/29287"}],"wp:featuredmedia":[{"embeddable":true,"href":"https:\/\/radiogecko.com\/index.php?rest_route=\/wp\/v2\/media\/29288"}],"wp:attachment":[{"href":"https:\/\/radiogecko.com\/index.php?rest_route=%2Fwp%2Fv2%2Fmedia&parent=29286"}],"wp:term":[{"taxonomy":"category","embeddable":true,"href":"https:\/\/radiogecko.com\/index.php?rest_route=%2Fwp%2Fv2%2Fcategories&post=29286"},{"taxonomy":"post_tag","embeddable":true,"href":"https:\/\/radiogecko.com\/index.php?rest_route=%2Fwp%2Fv2%2Ftags&post=29286"}],"curies":[{"name":"wp","href":"https:\/\/api.w.org\/{rel}","templated":true}]}}