{"id":29292,"date":"2023-09-09T21:02:43","date_gmt":"2023-09-10T02:02:43","guid":{"rendered":"https:\/\/radiogecko.com\/?p=29292"},"modified":"2023-09-11T02:04:42","modified_gmt":"2023-09-11T02:04:42","slug":"aumentan-435-casos-de-suicidio-en-mexico-en-las-ultimas-2-decadas","status":"publish","type":"post","link":"https:\/\/radiogecko.com\/?p=29292","title":{"rendered":"Aumentan 435% casos de suicidio en M\u00e9xico en las \u00faltimas 2 d\u00e9cadas"},"content":{"rendered":"<h4 style=\"text-align: center;\"><span class=\"f4_article-info__excerpt entry-summary\">D\u00eda Mundial de la Prevenci\u00f3n del Suicidio: tan solo en 2022 se registraron 8,237 fallecimientos por esta causa en M\u00e9xico, es decir, 22 casos al d\u00eda.<\/span><\/h4>\n<p>Los mitos y tab\u00faes que rodean el suicidio han derivado en que actualmente sea la segunda causa de muerte en j\u00f3venes, adem\u00e1s de que ha aumentado en 435 % en los \u00faltimos 20 a\u00f1os en M\u00e9xico, alert\u00f3 este domingo una especialista.<\/p>\n<p>\u201cDurante mucho tiempo se pens\u00f3 que hablar de suicidio lo provocaba, pues es un tema delicado para la sociedad, lleno de estigmas y falsas creencias. Sin embargo, la realidad es que los suicidios son prevenibles y est\u00e1 bien hablar de ello\u201d, dijo en entrevista con EFE Maureen Ter\u00e1n, conferencista, tallerista, escritora y fundadora de Es Tiempo De Hablar.<\/p>\n<p>En el marco del\u00a0<strong>D\u00eda Mundial de la Prevenci\u00f3n del Suicidio<\/strong>\u00a0que se conmemora cada 10 de septiembre, record\u00f3 que de acuerdo con el Instituto Nacional de Estad\u00edstica y Geograf\u00eda (Inegi), tan solo en 2022 se registraron 8,237 fallecimientos por esta causa en el pa\u00eds, es decir 22 casos al d\u00eda.<\/p>\n<p>Adem\u00e1s, seg\u00fan datos de la Secretar\u00eda de Salud y el Inegi, en M\u00e9xico el suicidio aument\u00f3 435% en los \u00faltimos 20 a\u00f1os, afectando principalmente a los j\u00f3venes de entre 15 y 24 a\u00f1os.<\/p>\n<div class=\"f4_ad__ep\"><\/div>\n<p>El D\u00eda Mundial para la Prevenci\u00f3n del Suicidio, que se cumple cada 10 de septiembre, es organizado por la Asociaci\u00f3n Internacional para la Prevenci\u00f3n del Suicidio (IASP) con el coauspicio de la Organizaci\u00f3n Mundial de la Salud (OMS).<\/p>\n<p>Seg\u00fan cifras de la OMS, aproximadamente, 800,000 personas se quitan la vida en todo el mundo y en la regi\u00f3n de las Am\u00e9ricas, se estima que son alrededor de 100,000, en promedio cada 40 segundos alguien se suicida.<\/p>\n<h2 id=\"h-suicidio-rodeado-de-mitos-y-tabues\">Suicidio, rodeado de mitos y tab\u00faes<\/h2>\n<p>Paulina Arenas Landgrave, profesora de la Facultad de Psicolog\u00eda de la Universidad Nacional Aut\u00f3noma de M\u00e9xico (UNAM), explic\u00f3 que el considerable aumento del suicidio en el pa\u00eds est\u00e1 asociado al contexto de creciente violencia, sentimientos de frustraci\u00f3n, impotencia y desesperanza.<\/p>\n<p>En tanto, Ter\u00e1n abund\u00f3 en que los mitos y tab\u00faes influyen en que el suicidio se pueda prevenir de una manera efectiva.<\/p>\n<p>\u201cEs muy importante detectarlo a tiempo, evaluar y tratar a las personas que muestran conductas suicidas para hacerles un seguimiento adecuado. Y es que por cada suicidio consumado hay al menos 20 intentos no letales\u201d, explic\u00f3.<\/p>\n<p>Entre los principales mitos, se\u00f1al\u00f3, est\u00e1 que las personas que se quitan la vida son consideradas cobardes, se les juzga o se piensa que es un pecado cometer suicidio.<\/p>\n<p>\u201cAtr\u00e1s de eso hay una raz\u00f3n, que es esta parte de sentirte vac\u00edo emocionalmente, que traes un dolor tan grande cargando que nadie lo ve y lo tienes oculto y es como empezar tapando una olla express y, al no sentirte comprendido y tener miedo a ser rechazado por verte vulnerable o sensible te lo callas\u201d, se\u00f1al\u00f3.<\/p>\n<p>Adem\u00e1s, lament\u00f3 que las personas que toman la decisi\u00f3n de quitarse la vida, siguen siendo juzgadas todav\u00eda despu\u00e9s de su muerte.<\/p>\n<p>\u201cEso es lo m\u00e1s fuerte, o sea, te mueres y te siguen juzgando, no saben por qu\u00e9 lo hiciste y a los familiares les queda la culpa\u201d, expuso.<\/p>\n<p>\u201cCreo que desde ah\u00ed es donde tenemos que cambiar nuestro pensamiento y comportamiento hacia el suicidio\u201d, reiter\u00f3.<\/p>\n<p>Finalmente, dijo que es importante impulsar la prevenci\u00f3n del suicidio, primero hablando y no minimizar cuando una persona expresa el deseo de suicidarse, as\u00ed como atender las enfermedades mentales, desmitificar la terapia psicol\u00f3gica y tener empat\u00eda con las personas a nuestro alrededor.<\/p>\n<p>Para combatirlos y como parte de su misi\u00f3n de erradicar los estigmas en torno a la salud mental, la asociaci\u00f3n civil Es Tiempo de Hablar, realizar\u00e1 su Segunda Carrera por el Bienestar y la Salud Mental con la intenci\u00f3n visibilizar el estigma y los padecimientos mentales, al tiempo que se recaudan fondos para quienes no pueden costear tratamientos.<\/p>\n<p>La carrera se llevar\u00e1 a cabo el 8 de octubre en el Foro Sol de la Ciudad de M\u00e9xico.<\/p>\n<figure class=\"f4_article-info__meta--image\"><noscript><\/noscript><\/figure>\n","protected":false},"excerpt":{"rendered":"<p>D\u00eda Mundial de la Prevenci\u00f3n del Suicidio: tan solo en 2022 se registraron 8,237 fallecimientos por esta causa en M\u00e9xico, es decir, 22 casos al d\u00eda. Los mitos y tab\u00faes&hellip;<\/p>\n","protected":false},"author":1,"featured_media":29294,"comment_status":"open","ping_status":"closed","sticky":false,"template":"","format":"standard","meta":{"footnotes":""},"categories":[2],"tags":[],"class_list":["post-29292","post","type-post","status-publish","format-standard","has-post-thumbnail","hentry","category-nacional"],"_links":{"self":[{"href":"https:\/\/radiogecko.com\/index.php?rest_route=\/wp\/v2\/posts\/29292","targetHints":{"allow":["GET"]}}],"collection":[{"href":"https:\/\/radiogecko.com\/index.php?rest_route=\/wp\/v2\/posts"}],"about":[{"href":"https:\/\/radiogecko.com\/index.php?rest_route=\/wp\/v2\/types\/post"}],"author":[{"embeddable":true,"href":"https:\/\/radiogecko.com\/index.php?rest_route=\/wp\/v2\/users\/1"}],"replies":[{"embeddable":true,"href":"https:\/\/radiogecko.com\/index.php?rest_route=%2Fwp%2Fv2%2Fcomments&post=29292"}],"version-history":[{"count":1,"href":"https:\/\/radiogecko.com\/index.php?rest_route=\/wp\/v2\/posts\/29292\/revisions"}],"predecessor-version":[{"id":29293,"href":"https:\/\/radiogecko.com\/index.php?rest_route=\/wp\/v2\/posts\/29292\/revisions\/29293"}],"wp:featuredmedia":[{"embeddable":true,"href":"https:\/\/radiogecko.com\/index.php?rest_route=\/wp\/v2\/media\/29294"}],"wp:attachment":[{"href":"https:\/\/radiogecko.com\/index.php?rest_route=%2Fwp%2Fv2%2Fmedia&parent=29292"}],"wp:term":[{"taxonomy":"category","embeddable":true,"href":"https:\/\/radiogecko.com\/index.php?rest_route=%2Fwp%2Fv2%2Fcategories&post=29292"},{"taxonomy":"post_tag","embeddable":true,"href":"https:\/\/radiogecko.com\/index.php?rest_route=%2Fwp%2Fv2%2Ftags&post=29292"}],"curies":[{"name":"wp","href":"https:\/\/api.w.org\/{rel}","templated":true}]}}