{"id":29601,"date":"2023-09-22T17:48:05","date_gmt":"2023-09-22T22:48:05","guid":{"rendered":"https:\/\/radiogecko.com\/?p=29601"},"modified":"2023-09-22T22:48:17","modified_gmt":"2023-09-22T22:48:17","slug":"inflacion-en-mexico-baja-a-444-anual-en-quincena-de-septiembre-en-linea-con-analistas","status":"publish","type":"post","link":"https:\/\/radiogecko.com\/?p=29601","title":{"rendered":"Inflaci\u00f3n en M\u00e9xico baja a 4,44% anual en quincena de septiembre en l\u00ednea con analistas"},"content":{"rendered":"<div class=\"flex items-center border border-gray-200 border-l-0 border-r-0 py-3 mb-4\">\n<div class=\"flex-1\">\n<h4 class=\"text-base leading-5 pl-2 font-lato\" style=\"text-align: center;\">La inflaci\u00f3n general anot\u00f3 su lectura m\u00e1s baja desde la primera quincena de marzo de 2021, de acuerdo con el reporte de Inegi<\/h4>\n<p><b>La inflaci\u00f3n en M\u00e9xico continu\u00f3 con su tendencia a la baja en la primera quincena de septiembre<\/b>, en l\u00ednea con lo esperado por los analistas y en medio del dinamismo de la econom\u00eda.<\/p>\n<p class=\"default__StyledText-sc-108h6at-0 eZJtyi body-paragraph\">En la primera quincena de septiembre de 2023, el \u00cdndice Nacional de Precios al Consumidor (INPC) tuvo una variaci\u00f3n de 0,25% respecto a la quincena anterior. Con este resultado,\u00a0<b>la inflaci\u00f3n general anual se ubic\u00f3 en 4,44% anual<\/b>, de acuerdo con el reporte de Inegi.<\/p>\n<p class=\"default__StyledText-sc-108h6at-0 eZJtyi body-paragraph\">El dato estuvo pr\u00e1cticamente en l\u00ednea con el 4,48% esperado por los analistas de la Encuesta Citibanamex para la primera mitad de septiembre, y result\u00f3\u00a0<b>la lectura m\u00e1s baja desde la primera quincena de marzo de 2021.<\/b><\/p>\n<p class=\"default__StyledText-sc-108h6at-0 eZJtyi body-paragraph\">Es de notar que, en la misma quincena de 2022, la inflaci\u00f3n anual fue de 8,76%, una cifra que es el doble de la observada en esta quincena<\/p>\n<p class=\"default__StyledText-sc-108h6at-0 eZJtyi body-paragraph\">En tanto,<b>\u00a0la inflaci\u00f3n subyacente aument\u00f3 0,27% a tasa quincenal y anual en 5,78%<\/b>. La subyacente es la inflaci\u00f3n que sigue Banco de M\u00e9xico (Banxico) para efecto de sus decisiones de pol\u00edtica monetaria.<\/p>\n<p class=\"default__StyledText-sc-108h6at-0 eZJtyi body-paragraph\">El dato estuvo cerca de lo esperado por el consenso de los analistas que proyectaron el componente subyacente en 5,75%, asimismo,\u00a0<b>la inflaci\u00f3n subyacente result\u00f3 el dato m\u00e1s bajo desde la segunda quincena de octubre de 2021.<\/b><\/p>\n<p class=\"default__StyledText-sc-108h6at-0 eZJtyi body-paragraph\">El \u00edndice de precios no subyacente present\u00f3 un incremento de 0,19% quincenal y de 0,48% a tasa anual.<\/p>\n<p class=\"default__StyledText-sc-108h6at-0 eZJtyi body-paragraph\">La inflaci\u00f3n continu\u00f3 a la baja al tiempo que la pol\u00edtica monetaria de Banco de M\u00e9xico (Banxico) se mantiene en terreno restrictivo con una tasa de inter\u00e9s r\u00e9cord en 11,25%, un nivel que la Junta de Gobierno espera mantener por un tiempo prolongado hasta que la inflaci\u00f3n d\u00e9 se\u00f1ales s\u00f3lidas de una tendencia decreciente.<\/p>\n<\/div>\n<\/div>\n<figure class=\"lead-art-wrapper\">\n<div><picture class=\"Image__StyledPicture-sc-1g24b0j-0 cHvurg\"><source srcset=\"https:\/\/www.bloomberglinea.com\/resizer\/imYy7qug7RkcouCpU1w9bMPHgqc=\/800x0\/filters:format(webp):quality(75)\/cloudfront-us-east-1.images.arcpublishing.com\/bloomberglinea\/AOACEQYUZBF43FLQPDDLA26HGY.jpg\" media=\"screen and (min-width: 1024px)\" \/><source srcset=\"https:\/\/www.bloomberglinea.com\/resizer\/imYy7qug7RkcouCpU1w9bMPHgqc=\/800x0\/filters:format(webp):quality(75)\/cloudfront-us-east-1.images.arcpublishing.com\/bloomberglinea\/AOACEQYUZBF43FLQPDDLA26HGY.jpg\" media=\"screen and (min-width: 768px)\" \/><source srcset=\"https:\/\/www.bloomberglinea.com\/resizer\/SaSKGdBGb_Xv5UtBHqM2qpFuGYg=\/600x0\/filters:format(webp):quality(75)\/cloudfront-us-east-1.images.arcpublishing.com\/bloomberglinea\/AOACEQYUZBF43FLQPDDLA26HGY.jpg\" media=\"screen and (min-width: 0px)\" \/><\/picture><\/div>\n<\/figure>\n","protected":false},"excerpt":{"rendered":"<p>La inflaci\u00f3n general anot\u00f3 su lectura m\u00e1s baja desde la primera quincena de marzo de 2021, de acuerdo con el reporte de Inegi La inflaci\u00f3n en M\u00e9xico continu\u00f3 con su&hellip;<\/p>\n","protected":false},"author":1,"featured_media":29603,"comment_status":"open","ping_status":"closed","sticky":false,"template":"","format":"standard","meta":{"footnotes":""},"categories":[2],"tags":[],"class_list":["post-29601","post","type-post","status-publish","format-standard","has-post-thumbnail","hentry","category-nacional"],"_links":{"self":[{"href":"https:\/\/radiogecko.com\/index.php?rest_route=\/wp\/v2\/posts\/29601","targetHints":{"allow":["GET"]}}],"collection":[{"href":"https:\/\/radiogecko.com\/index.php?rest_route=\/wp\/v2\/posts"}],"about":[{"href":"https:\/\/radiogecko.com\/index.php?rest_route=\/wp\/v2\/types\/post"}],"author":[{"embeddable":true,"href":"https:\/\/radiogecko.com\/index.php?rest_route=\/wp\/v2\/users\/1"}],"replies":[{"embeddable":true,"href":"https:\/\/radiogecko.com\/index.php?rest_route=%2Fwp%2Fv2%2Fcomments&post=29601"}],"version-history":[{"count":1,"href":"https:\/\/radiogecko.com\/index.php?rest_route=\/wp\/v2\/posts\/29601\/revisions"}],"predecessor-version":[{"id":29602,"href":"https:\/\/radiogecko.com\/index.php?rest_route=\/wp\/v2\/posts\/29601\/revisions\/29602"}],"wp:featuredmedia":[{"embeddable":true,"href":"https:\/\/radiogecko.com\/index.php?rest_route=\/wp\/v2\/media\/29603"}],"wp:attachment":[{"href":"https:\/\/radiogecko.com\/index.php?rest_route=%2Fwp%2Fv2%2Fmedia&parent=29601"}],"wp:term":[{"taxonomy":"category","embeddable":true,"href":"https:\/\/radiogecko.com\/index.php?rest_route=%2Fwp%2Fv2%2Fcategories&post=29601"},{"taxonomy":"post_tag","embeddable":true,"href":"https:\/\/radiogecko.com\/index.php?rest_route=%2Fwp%2Fv2%2Ftags&post=29601"}],"curies":[{"name":"wp","href":"https:\/\/api.w.org\/{rel}","templated":true}]}}