{"id":29808,"date":"2023-10-01T14:37:52","date_gmt":"2023-10-01T19:37:52","guid":{"rendered":"https:\/\/radiogecko.com\/?p=29808"},"modified":"2023-10-01T19:38:02","modified_gmt":"2023-10-01T19:38:02","slug":"los-10-estados-de-mexico-con-mayor-informalidad-laboral-en-2023-de-acuerdo-con-el-imco","status":"publish","type":"post","link":"https:\/\/radiogecko.com\/?p=29808","title":{"rendered":"Los 10 estados de M\u00e9xico con mayor informalidad laboral en 2023 de acuerdo con el IMCO"},"content":{"rendered":"<p>El Instituto Mexicano para la Competitividad (IMCO) eval\u00faa las\u00a0<strong>condiciones de los 32 estados del pa\u00eds<\/strong>\u00a0para identificar su nivel de\u00a0competitividad\u00a0<strong>econ\u00f3mica<\/strong>\u00a0y atractivo hacia la inversi\u00f3n. Uno de los aspectos analizados es la<strong>\u00a0informalidad laboral,<\/strong>\u00a0la cual representa una dimensi\u00f3n importante en la calidad del empleo.<\/p>\n<p>A trav\u00e9s del \u00cdndice de Competitividad Estatal 2023, el IMCO analiza 72 indicadores relacionados con la econom\u00eda, gobierno, sociedad y pol\u00edtica de los estados. El indicativo\u00a0<strong>\u201cInformalidad laboral\u201d<\/strong>\u00a0midi\u00f3 la tasa de la poblaci\u00f3n ocupada que se encuentra en empleos con condiciones de informalidad. Para identificar a estos sujetos, tom\u00f3 en consideraci\u00f3n a\u00a0<strong>aquellos trabajadores que no cuentan con la seguridad social b\u00e1sica obligatoria por ley<\/strong>.<\/p>\n<p>Seg\u00fan los datos de IMCO, estos son los<strong>\u00a010 estados de M\u00e9xico con mayor informalidad laboral:\u00a0<\/strong><\/p>\n<h2 id=\"1-oaxaca\">1. Oaxaca<\/h2>\n<p><strong>Oaxaca<\/strong>\u00a0es el estado con la mayor informalidad laboral del pa\u00eds. De acuerdo con el IMCO, el\u00a0<strong>82%<\/strong>\u00a0de la poblaci\u00f3n ocupada se encuentra laborando sin la seguridad social b\u00e1sica obligatoria.<\/p>\n<h2 id=\"2-guerrero\">2. Guerrero<\/h2>\n<p>El estado de\u00a0<strong>Guerrero<\/strong>\u00a0ocupa el segundo lugar entre las entidades con m\u00e1s informalidad laboral. En este punto, el\u00a0<strong>79%<\/strong>\u00a0de la poblaci\u00f3n carece de prestaciones b\u00e1sicas.<\/p>\n<h2 id=\"3-chiapas\">3. Chiapas<\/h2>\n<p><strong>Chiapas<\/strong>\u00a0est\u00e1 en el tercer lugar entre los estados con m\u00e1s trabajo informal. Seg\u00fan el IMCO, el\u00a0<strong>78%<\/strong>\u00a0de las personas no cuentan con seguridad social ni certidumbre laboral.<\/p>\n<h2 id=\"4-hidalgo\">4. Hidalgo<\/h2>\n<p>En\u00a0<strong>Hidalgo,<\/strong>\u00a0el<strong>\u00a073%<\/strong>\u00a0de la poblaci\u00f3n no tiene seguridad social. Por ello, mantiene la cuarta posici\u00f3n de la lista.<\/p>\n<h2 id=\"5-tlaxcala\">5. Tlaxcala<\/h2>\n<p>El estado de\u00a0<strong>Tlaxcala<\/strong>\u00a0tambi\u00e9n tiene alta informalidad laboral. En \u00e9l, el\u00a0<strong>71%<\/strong>\u00a0de las personas con empleo no tienen las condiciones m\u00ednimas legales.<\/p>\n<h2 id=\"6-puebla\">6. Puebla<\/h2>\n<p><strong>Puebla<\/strong>\u00a0ocupa el cuarto lugar entre los estados con mayor informalidad laboral. El\u00a0<strong>70%<\/strong>\u00a0de la poblaci\u00f3n ocupada carece de la seguridad social b\u00e1sica marcada por la ley.<\/p>\n<h2 id=\"7-michoacan\">7. Michoac\u00e1n<\/h2>\n<p>En\u00a0<strong>Michoac\u00e1n,<\/strong>\u00a0el\u00a0<strong>68%<\/strong>\u00a0de las personas que trabajan no cuentan con prestaciones laborales. Por esta raz\u00f3n, se coloca a la s\u00e9ptima posici\u00f3n del listado del Instituto.<\/p>\n<h2 id=\"8-veracruz\">8. Veracruz<\/h2>\n<p><strong>Veracruz<\/strong>\u00a0tiene el octavo lugar entre los estados con mayor informalidad laboral. Seg\u00fan el IMCO, el<strong>\u00a067%<\/strong>\u00a0de las personas no tienen seguridad social obligatoria en sus empleos.<\/p>\n<h2 id=\"9-morelos\">9. Morelos<\/h2>\n<p><strong>Morelos<\/strong>\u00a0tambi\u00e9n se encontr\u00f3 entre las entidades con mayor informalidad laboral. En este punto, el\u00a0<strong>64%<\/strong>\u00a0de los trabajadores se mantiene en condiciones de precariedad en este aspecto.<\/p>\n<h2 id=\"10-tabasco\">10. Tabasco<\/h2>\n<p>Al igual que en el estado anterior, en\u00a0<strong>Tabasco,<\/strong>\u00a0el\u00a0<strong>64%<\/strong>\u00a0de la poblaci\u00f3n ocupada no cuenta con prestaciones de ley. Por ello, cerr\u00f3 el listado de las entidades con mayor\u00a0<strong>trabajo informal,<\/strong>\u00a0de acuerdo con el IMCO.<\/p>\n","protected":false},"excerpt":{"rendered":"<p>El Instituto Mexicano para la Competitividad (IMCO) eval\u00faa las\u00a0condiciones de los 32 estados del pa\u00eds\u00a0para identificar su nivel de\u00a0competitividad\u00a0econ\u00f3mica\u00a0y atractivo hacia la inversi\u00f3n. Uno de los aspectos analizados es la\u00a0informalidad&hellip;<\/p>\n","protected":false},"author":1,"featured_media":29810,"comment_status":"open","ping_status":"closed","sticky":false,"template":"","format":"standard","meta":{"footnotes":""},"categories":[2],"tags":[],"class_list":["post-29808","post","type-post","status-publish","format-standard","has-post-thumbnail","hentry","category-nacional"],"_links":{"self":[{"href":"https:\/\/radiogecko.com\/index.php?rest_route=\/wp\/v2\/posts\/29808","targetHints":{"allow":["GET"]}}],"collection":[{"href":"https:\/\/radiogecko.com\/index.php?rest_route=\/wp\/v2\/posts"}],"about":[{"href":"https:\/\/radiogecko.com\/index.php?rest_route=\/wp\/v2\/types\/post"}],"author":[{"embeddable":true,"href":"https:\/\/radiogecko.com\/index.php?rest_route=\/wp\/v2\/users\/1"}],"replies":[{"embeddable":true,"href":"https:\/\/radiogecko.com\/index.php?rest_route=%2Fwp%2Fv2%2Fcomments&post=29808"}],"version-history":[{"count":1,"href":"https:\/\/radiogecko.com\/index.php?rest_route=\/wp\/v2\/posts\/29808\/revisions"}],"predecessor-version":[{"id":29809,"href":"https:\/\/radiogecko.com\/index.php?rest_route=\/wp\/v2\/posts\/29808\/revisions\/29809"}],"wp:featuredmedia":[{"embeddable":true,"href":"https:\/\/radiogecko.com\/index.php?rest_route=\/wp\/v2\/media\/29810"}],"wp:attachment":[{"href":"https:\/\/radiogecko.com\/index.php?rest_route=%2Fwp%2Fv2%2Fmedia&parent=29808"}],"wp:term":[{"taxonomy":"category","embeddable":true,"href":"https:\/\/radiogecko.com\/index.php?rest_route=%2Fwp%2Fv2%2Fcategories&post=29808"},{"taxonomy":"post_tag","embeddable":true,"href":"https:\/\/radiogecko.com\/index.php?rest_route=%2Fwp%2Fv2%2Ftags&post=29808"}],"curies":[{"name":"wp","href":"https:\/\/api.w.org\/{rel}","templated":true}]}}